{"id":69912,"date":"2022-08-15T14:53:18","date_gmt":"2022-08-15T19:53:18","guid":{"rendered":"https:\/\/nvnoticias.mx\/?p=69912"},"modified":"2022-08-15T14:53:19","modified_gmt":"2022-08-15T19:53:19","slug":"al-presidente-le-conviene-que-sea-su-sucesor-ricardo-monreal","status":"publish","type":"post","link":"https:\/\/nvnoticias.mx\/index.php\/2022\/08\/15\/al-presidente-le-conviene-que-sea-su-sucesor-ricardo-monreal\/","title":{"rendered":"\u201cAl Presidente le conviene que sea su sucesor\u201d: Ricardo Monreal"},"content":{"rendered":"\n<p>Ricardo Monreal, coordinador de Morena en el Senado, dijo que al presidente Andr\u00e9s Manuel L\u00f3pez Obrador le conviene que \u00e9l sea sucesor, porque tiene m\u00e1s madurez, experiencia, independencia de criterio, autonom\u00eda y capacidad para llevar a M\u00e9xico a mejores estadios. <\/p>\n\n\n\n<p>De visita en Canc\u00fan, Quintana Roo, se le dijo que L\u00f3pez Obrador no lo ha mencionado en la lista de los posibles candidatos de Morena a sucederlo en 2024. \u201cEs que soy su arma secreta\u201d, respondi\u00f3 en tono de broma. <\/p>\n\n\n\n<p>Despu\u00e9s afirm\u00f3 que \u201cincluso al Presidente de la Rep\u00fablica, Andr\u00e9s Manuel L\u00f3pez Obrador, le conviene que yo sea su sucesor, porque tengo m\u00e1s madurez y m\u00e1s experiencia, independencia de criterio, autonom\u00eda y capacidad para gobernar y esa madurez implica llevar a M\u00e9xico a mejores estadios de desarrollo, a profundizar la democracia y a generar una condici\u00f3n mayor de acuerdos. Por eso, le conviene al Presidente que yo sea su sucesor, porque ser\u00eda el presidente de la reconciliaci\u00f3n nacional\u201d. <\/p>\n\n\n\n<p>Coment\u00f3 que el domingo camin\u00f3 por las calles hasta llegar a Tulum y vio mucha propaganda de Claudia Sheinbaum y Ad\u00e1n Augusto L\u00f3pez Hern\u00e1ndez, jefa de Gobierno y secretario de Gobernaci\u00f3n, respectivamente. <\/p>\n\n\n\n<p>Por ello, los exhort\u00f3 a tener cuidado, porque pueden incurrir en actos anticipados de campa\u00f1a, ya que no son tiempos de promoci\u00f3n personalizada y las bardas y los espectaculares, ah\u00ed est\u00e1n a la vista. <\/p>\n\n\n\n<blockquote class=\"wp-block-quote is-layout-flow wp-block-quote-is-layout-flow\"><p>\u201c<em>Deben tener cuidado porque pueden incurrir en adelanto de campa\u00f1a o promoci\u00f3n anticipada, yo les sugiero que tengan mucho cuidado, porque no son tiempos de promoci\u00f3n personalizada y las bardas y espectaculares ah\u00ed est\u00e1n a la vista, no pueden decir que no sab\u00edan. Alguien autoriz\u00f3 y son los due\u00f1os de las casas<\/em>\u201d, subray\u00f3. <\/p><\/blockquote>\n\n\n\n<p>Reiter\u00f3, una vez m\u00e1s, que la nomenclatura de Morena no ha fijado reglas claras, pero \u201cno me voy a desesperar\u201d. A la vez, insisti\u00f3 que M\u00e9xico requiere atenuar sus contradicciones, sus polarizaciones y la lucha interna entre sectores. <\/p>\n\n\n\n<p>Manifest\u00f3 que Sheinbaum, Ad\u00e1n Augusto y Marcelo Ebrard, secretario de Relaciones Exteriores, tienen ventaja de que sean mencionados por el Presidente en sus conferencias ma\u00f1aneras, \u201cdesde el momento en que s\u00f3lo se refiere a los tres, por supuesto que no hay \u2018piso parejo\u2019, pero esto -lo \u00fanico- que me genera es mayor compromiso y trabajar m\u00e1s\u201d. <\/p>\n\n\n\n<p>Se\u00f1al\u00f3 que \u201cpor fortuna, mi adversario no va a ser el Presidente de la Rep\u00fablica, el Presidente no va a estar en la boleta, si fuera \u00e9l a estar en la boleta, ni loco que me inscriba, ah\u00ed si no, me desbarata\u201d. <\/p>\n\n\n\n<p>Ret\u00f3 a la jefa de Gobierno y a los secretarios de Gobernaci\u00f3n y de Relaciones Exteriores a \u201cque se ponga de acuerdo los tres para que uno de ellos me enfrente\u201d. <\/p>\n\n\n\n<p>Reiter\u00f3 que el presidente L\u00f3pez Obrador \u201ces mi amigo\u201d. Acus\u00f3 a los publicistas de Claudia y Ad\u00e1n que \u201cquieren verme en otro partido, pero se van a quedar con las ganas, voy a luchar en Morena\u201d. <\/p>\n\n\n\n<p>Sin embargo, Monreal afirm\u00f3 que no va a declinar en sus aspiraciones y llegar\u00e1 hasta el final. <\/p>\n\n\n\n<p>Fuente: <a href=\"https:\/\/www.milenio.com\/politica\/ricardo-monreal-al-presidente-le-conviene-que-sea-su-sucesor\">Milenio<\/a><\/p>\n","protected":false},"excerpt":{"rendered":"<p>Ricardo Monreal, coordinador de Morena en el Senado, dijo que al presidente Andr\u00e9s Manuel L\u00f3pez Obrador le conviene que \u00e9l sea sucesor, porque tiene m\u00e1s madurez, experiencia, independencia de criterio, autonom\u00eda y capacidad para llevar a M\u00e9xico a mejores estadios. De visita en Canc\u00fan, Quintana Roo, se le dijo que L\u00f3pez Obrador no lo ha [&hellip;]<\/p>\n","protected":false},"author":8,"featured_media":69914,"comment_status":"open","ping_status":"open","sticky":false,"template":"","format":"standard","meta":{"_monsterinsights_skip_tracking":false,"_monsterinsights_sitenote_active":false,"_monsterinsights_sitenote_note":"","_monsterinsights_sitenote_category":0,"footnotes":""},"categories":[158],"tags":[411,600],"class_list":["post-69912","post","type-post","status-publish","format-standard","has-post-thumbnail","hentry","category-politica","tag-presidente","tag-ricardo-monreal","wp-image-borders"],"amp_enabled":true,"_links":{"self":[{"href":"https:\/\/nvnoticias.mx\/index.php\/wp-json\/wp\/v2\/posts\/69912","targetHints":{"allow":["GET"]}}],"collection":[{"href":"https:\/\/nvnoticias.mx\/index.php\/wp-json\/wp\/v2\/posts"}],"about":[{"href":"https:\/\/nvnoticias.mx\/index.php\/wp-json\/wp\/v2\/types\/post"}],"author":[{"embeddable":true,"href":"https:\/\/nvnoticias.mx\/index.php\/wp-json\/wp\/v2\/users\/8"}],"replies":[{"embeddable":true,"href":"https:\/\/nvnoticias.mx\/index.php\/wp-json\/wp\/v2\/comments?post=69912"}],"version-history":[{"count":1,"href":"https:\/\/nvnoticias.mx\/index.php\/wp-json\/wp\/v2\/posts\/69912\/revisions"}],"predecessor-version":[{"id":69915,"href":"https:\/\/nvnoticias.mx\/index.php\/wp-json\/wp\/v2\/posts\/69912\/revisions\/69915"}],"wp:featuredmedia":[{"embeddable":true,"href":"https:\/\/nvnoticias.mx\/index.php\/wp-json\/wp\/v2\/media\/69914"}],"wp:attachment":[{"href":"https:\/\/nvnoticias.mx\/index.php\/wp-json\/wp\/v2\/media?parent=69912"}],"wp:term":[{"taxonomy":"category","embeddable":true,"href":"https:\/\/nvnoticias.mx\/index.php\/wp-json\/wp\/v2\/categories?post=69912"},{"taxonomy":"post_tag","embeddable":true,"href":"https:\/\/nvnoticias.mx\/index.php\/wp-json\/wp\/v2\/tags?post=69912"}],"curies":[{"name":"wp","href":"https:\/\/api.w.org\/{rel}","templated":true}]}}