{"id":69905,"date":"2022-08-15T14:32:13","date_gmt":"2022-08-15T19:32:13","guid":{"rendered":"https:\/\/nvnoticias.mx\/?p=69905"},"modified":"2022-08-15T14:32:15","modified_gmt":"2022-08-15T19:32:15","slug":"monica-vergara-es-cesada-de-la-seleccion-mexicana-femenil","status":"publish","type":"post","link":"https:\/\/nvnoticias.mx\/index.php\/2022\/08\/15\/monica-vergara-es-cesada-de-la-seleccion-mexicana-femenil\/","title":{"rendered":"M\u00f3nica Vergara es cesada de la Selecci\u00f3n Mexicana Femenil"},"content":{"rendered":"\n<p>A trav\u00e9s de un comunicado, la Federaci\u00f3n Mexicana de Futbol anunci\u00f3 el cese de M\u00f3nica Vergara de la Selecci\u00f3n Mayor Femenil y de Karla Maya de la categor\u00eda Sub-15. <\/p>\n\n\n\n<blockquote class=\"wp-block-quote is-layout-flow wp-block-quote-is-layout-flow\"><p>\u201c<em>Se informa que M\u00f3nica Vergara y Karla Maya, dejan la direcci\u00f3n t\u00e9cnica de la SNM femenil Mayor y Sub 15, respectivamente<\/em>.\u00a0 <\/p><\/blockquote>\n\n\n\n<p>Mientras se designa a la persona que ocupar\u00e1 la nueva direcci\u00f3n t\u00e9cnica para el Tri Mayor Femenil, Miguel \u00c1ngel Gamero y Cristian Flores asumir\u00e1n la responsabilidad de la Selecci\u00f3n Femenil de cara a sus pr\u00f3ximos encuentros amistosos en M\u00e9xico y Estados Unidos. <\/p>\n\n\n\n<blockquote class=\"wp-block-quote is-layout-flow wp-block-quote-is-layout-flow\"><p>\u201c<em>La FMF agradece a M\u00f3nica Vergara y a Karla Maya su disposici\u00f3n y entrega. De forma especial reconoce la trayectoria de M\u00f3nica Vergara en Selecciones Nacionales, con quien consigui\u00f3 un Subcampeonato del Mundo en la categor\u00eda Sub 17<\/em>. <\/p><\/blockquote>\n\n\n\n<figure class=\"wp-block-embed aligncenter is-type-rich is-provider-twitter wp-block-embed-twitter\"><div class=\"wp-block-embed__wrapper\">\n<blockquote class=\"twitter-tweet\" data-width=\"550\" data-dnt=\"true\"><p lang=\"es\" dir=\"ltr\">La FMF actualiza informaci\u00f3n sobre la reestructura de <a href=\"https:\/\/twitter.com\/Miseleccionfem?ref_src=twsrc%5Etfw\">@Miseleccionfem<\/a>. <br><br>Lee mas: <a href=\"https:\/\/t.co\/6zo8sMccxm\">https:\/\/t.co\/6zo8sMccxm<\/a><a href=\"https:\/\/twitter.com\/hashtag\/FMFporNuestroF%C3%BAtbol?src=hash&amp;ref_src=twsrc%5Etfw\">#FMFporNuestroF\u00fatbol<\/a> <a href=\"https:\/\/t.co\/IDkz7vAVFG\">pic.twitter.com\/IDkz7vAVFG<\/a><\/p>&mdash; Federaci\u00f3n Mexicana de F\u00fatbol (@FMF) <a href=\"https:\/\/twitter.com\/FMF\/status\/1559248536667131905?ref_src=twsrc%5Etfw\">August 15, 2022<\/a><\/blockquote><script async src=\"https:\/\/platform.twitter.com\/widgets.js\" charset=\"utf-8\"><\/script>\n<\/div><\/figure>\n\n\n\n<blockquote class=\"wp-block-quote is-layout-flow wp-block-quote-is-layout-flow\"><p>&#8220;<em>La FMF refrenda su compromiso con el desarrollo del futbol femenil y con la creaci\u00f3n de una estructura independiente que identifique y desarrolle el talento mexicano para ser protagonistas en las justas deportivas nacionales e internacionales. En los siguientes d\u00edas, se dar\u00e1 a conocer a la persona que encabezar\u00e1 la direcci\u00f3n deportiva de las Selecciones Nacionales Femeniles<\/em>\u201d se\u00f1ala el texto. <\/p><\/blockquote>\n\n\n\n<p>Fuente: <a href=\"https:\/\/www.mediotiempo.com\/futbol\/seleccion-femenil\/monica-vergara-y-karla-maya-fuera-del-tri-femenil-mayor-y-sub-15\">Medio Tiempo<\/a><\/p>\n","protected":false},"excerpt":{"rendered":"<p>A trav\u00e9s de un comunicado, la Federaci\u00f3n Mexicana de Futbol anunci\u00f3 el cese de M\u00f3nica Vergara de la Selecci\u00f3n Mayor Femenil y de Karla Maya de la categor\u00eda Sub-15. \u201cSe informa que M\u00f3nica Vergara y Karla Maya, dejan la direcci\u00f3n t\u00e9cnica de la SNM femenil Mayor y Sub 15, respectivamente.\u00a0 Mientras se designa a la [&hellip;]<\/p>\n","protected":false},"author":8,"featured_media":69906,"comment_status":"open","ping_status":"open","sticky":false,"template":"","format":"standard","meta":{"_monsterinsights_skip_tracking":false,"_monsterinsights_sitenote_active":false,"_monsterinsights_sitenote_note":"","_monsterinsights_sitenote_category":0,"footnotes":""},"categories":[159],"tags":[18331,18332],"class_list":["post-69905","post","type-post","status-publish","format-standard","has-post-thumbnail","hentry","category-deportes","tag-monica-vergara","tag-seleccion-mexicana-femenil","wp-image-borders"],"amp_enabled":true,"_links":{"self":[{"href":"https:\/\/nvnoticias.mx\/index.php\/wp-json\/wp\/v2\/posts\/69905","targetHints":{"allow":["GET"]}}],"collection":[{"href":"https:\/\/nvnoticias.mx\/index.php\/wp-json\/wp\/v2\/posts"}],"about":[{"href":"https:\/\/nvnoticias.mx\/index.php\/wp-json\/wp\/v2\/types\/post"}],"author":[{"embeddable":true,"href":"https:\/\/nvnoticias.mx\/index.php\/wp-json\/wp\/v2\/users\/8"}],"replies":[{"embeddable":true,"href":"https:\/\/nvnoticias.mx\/index.php\/wp-json\/wp\/v2\/comments?post=69905"}],"version-history":[{"count":1,"href":"https:\/\/nvnoticias.mx\/index.php\/wp-json\/wp\/v2\/posts\/69905\/revisions"}],"predecessor-version":[{"id":69907,"href":"https:\/\/nvnoticias.mx\/index.php\/wp-json\/wp\/v2\/posts\/69905\/revisions\/69907"}],"wp:featuredmedia":[{"embeddable":true,"href":"https:\/\/nvnoticias.mx\/index.php\/wp-json\/wp\/v2\/media\/69906"}],"wp:attachment":[{"href":"https:\/\/nvnoticias.mx\/index.php\/wp-json\/wp\/v2\/media?parent=69905"}],"wp:term":[{"taxonomy":"category","embeddable":true,"href":"https:\/\/nvnoticias.mx\/index.php\/wp-json\/wp\/v2\/categories?post=69905"},{"taxonomy":"post_tag","embeddable":true,"href":"https:\/\/nvnoticias.mx\/index.php\/wp-json\/wp\/v2\/tags?post=69905"}],"curies":[{"name":"wp","href":"https:\/\/api.w.org\/{rel}","templated":true}]}}