{"id":69895,"date":"2022-08-15T14:08:16","date_gmt":"2022-08-15T19:08:16","guid":{"rendered":"https:\/\/nvnoticias.mx\/?p=69895"},"modified":"2022-08-15T14:08:18","modified_gmt":"2022-08-15T19:08:18","slug":"3-mil-630-personas-fueron-detenidas-el-fin-de-semana-por-violencia","status":"publish","type":"post","link":"https:\/\/nvnoticias.mx\/index.php\/2022\/08\/15\/3-mil-630-personas-fueron-detenidas-el-fin-de-semana-por-violencia\/","title":{"rendered":"3 mil 630 personas fueron detenidas el fin de semana por violencia"},"content":{"rendered":"\n<p>Un total de\u00a03 mil 630 personas fueron detenidas este fin de semana por il\u00edcitos del fueron com\u00fan y federal,\u00a0inform\u00f3 el subsecretario de Seguridad P\u00fablica, Ricardo Mej\u00eda.<\/p>\n\n\n\n<p>De la\u00a0jornada de violencia en Baja California, Chihuahua, Jalisco y Guanajuato, solo hubo 36 detenciones,\u00a0sin ninguna aprehensi\u00f3n de l\u00edderes de organizaciones criminales de alto perfil. En Jalisco fueron detenidos cinco presuntos integrantes del CJNG; en Guanajuato fueron aprehendidas 11 personas; en Ciudad Ju\u00e1rez 12 y en Baja California 12.<\/p>\n\n\n\n<p>En conferencia de prensa, el secretario de la Defensa Nacional, Luis Cresencio Sandoval, destac\u00f3 que la estrategia de seguridad implementada por la Cuarta Transformaci\u00f3n tiene el objetivo de reforzar el Estado de Derecho mediante la implementaci\u00f3n de una gruesa plantilla de elementos de seguridad.<\/p>\n\n\n\n<blockquote class=\"wp-block-quote is-layout-flow wp-block-quote-is-layout-flow\"><p>\u201c<em>Estas acciones, primeramente la creaci\u00f3n de la Guardia Nacional, m\u00e1s de 100 mil hombres operativos desplegados en territorio nacional coadyuvan al debilitamiento de organizaciones delictivas (&#8230;) ha permitido la limitaci\u00f3n financiera de las organizaciones delictivas<\/em>\u201d.<\/p><\/blockquote>\n\n\n\n<p>Los actos emprendidos en contra del C\u00e1rtel Jalisco buscan debilitar financiera y operativamente a la organizaci\u00f3n. La Sedena destac\u00f3 que ejemplo de ello fue la detenci\u00f3n en noviembre de 2020 de \u201cDon Guti\u201d, y en 2021 la aprehensi\u00f3n de la operadora financiera.<\/p>\n\n\n\n<p>Durante la racha de violencia suscitada los \u00faltimos d\u00edas en el pa\u00eds,\u00a0341 personas fueron asesinadas de manera dolosa en todo el territorio nacional. Se trata de un promedio de\u00a068 personas asesinadas por d\u00eda, entre el mi\u00e9rcoles 10 de agosto y el domingo 14 de agosto, de acuerdo con las cifras publicadas por la Secretar\u00eda de Seguridad y Protecci\u00f3n Ciudadana (SSPC).<\/p>\n\n\n\n<p>El Informe de Seguridad que d\u00eda con d\u00eda publica la SSPC advierte que del total de asesinatos intencionales, 135 (39.5 por ciento) ocurrieron en los estados de\u00a0Jalisco, Guanajuato, Chihuahua, Baja California y Michoac\u00e1n.<\/p>\n\n\n\n<p>Se toma como referencia dichas entidades ya que en ellas, ocurrieron durante el lapso de referencia (mi\u00e9rcoles a domingo) una serie de eventos de extrema violencia. Dichas acciones criminales incluyeron\u00a0narcobloqueos\u00a0en avenidas y tramos carreteros;\u00a0quema de veh\u00edculos particulares\u00a0y del transporte p\u00fablico; establecimientos comerciales incendiados, as\u00ed como agresiones directas a tiros contra la poblaci\u00f3n civil.<\/p>\n\n\n\n<p>Fuente: <a href=\"https:\/\/www.elfinanciero.com.mx\/nacional\/2022\/08\/15\/violencia-en-mexico-3-mil-630-personas-fueron-detenidas-el-fin-de-semana-informa-ricardo-mejia\/\">El Financiero<\/a><\/p>\n","protected":false},"excerpt":{"rendered":"<p>Un total de\u00a03 mil 630 personas fueron detenidas este fin de semana por il\u00edcitos del fueron com\u00fan y federal,\u00a0inform\u00f3 el subsecretario de Seguridad P\u00fablica, Ricardo Mej\u00eda. De la\u00a0jornada de violencia en Baja California, Chihuahua, Jalisco y Guanajuato, solo hubo 36 detenciones,\u00a0sin ninguna aprehensi\u00f3n de l\u00edderes de organizaciones criminales de alto perfil. En Jalisco fueron detenidos [&hellip;]<\/p>\n","protected":false},"author":8,"featured_media":69616,"comment_status":"open","ping_status":"open","sticky":false,"template":"","format":"standard","meta":{"_monsterinsights_skip_tracking":false,"_monsterinsights_sitenote_active":false,"_monsterinsights_sitenote_note":"","_monsterinsights_sitenote_category":0,"footnotes":""},"categories":[157],"tags":[2894,5095,203],"class_list":["post-69895","post","type-post","status-publish","format-standard","has-post-thumbnail","hentry","category-nacional","tag-detenciones","tag-fin-de-semana","tag-violencia","wp-image-borders"],"amp_enabled":true,"_links":{"self":[{"href":"https:\/\/nvnoticias.mx\/index.php\/wp-json\/wp\/v2\/posts\/69895","targetHints":{"allow":["GET"]}}],"collection":[{"href":"https:\/\/nvnoticias.mx\/index.php\/wp-json\/wp\/v2\/posts"}],"about":[{"href":"https:\/\/nvnoticias.mx\/index.php\/wp-json\/wp\/v2\/types\/post"}],"author":[{"embeddable":true,"href":"https:\/\/nvnoticias.mx\/index.php\/wp-json\/wp\/v2\/users\/8"}],"replies":[{"embeddable":true,"href":"https:\/\/nvnoticias.mx\/index.php\/wp-json\/wp\/v2\/comments?post=69895"}],"version-history":[{"count":1,"href":"https:\/\/nvnoticias.mx\/index.php\/wp-json\/wp\/v2\/posts\/69895\/revisions"}],"predecessor-version":[{"id":69896,"href":"https:\/\/nvnoticias.mx\/index.php\/wp-json\/wp\/v2\/posts\/69895\/revisions\/69896"}],"wp:featuredmedia":[{"embeddable":true,"href":"https:\/\/nvnoticias.mx\/index.php\/wp-json\/wp\/v2\/media\/69616"}],"wp:attachment":[{"href":"https:\/\/nvnoticias.mx\/index.php\/wp-json\/wp\/v2\/media?parent=69895"}],"wp:term":[{"taxonomy":"category","embeddable":true,"href":"https:\/\/nvnoticias.mx\/index.php\/wp-json\/wp\/v2\/categories?post=69895"},{"taxonomy":"post_tag","embeddable":true,"href":"https:\/\/nvnoticias.mx\/index.php\/wp-json\/wp\/v2\/tags?post=69895"}],"curies":[{"name":"wp","href":"https:\/\/api.w.org\/{rel}","templated":true}]}}