{"id":69884,"date":"2022-08-15T13:34:40","date_gmt":"2022-08-15T18:34:40","guid":{"rendered":"https:\/\/nvnoticias.mx\/?p=69884"},"modified":"2022-08-15T13:34:41","modified_gmt":"2022-08-15T18:34:41","slug":"fortalece-imss-veracruz-norte-a-lanzamiento-de-prevenimss","status":"publish","type":"post","link":"https:\/\/nvnoticias.mx\/index.php\/2022\/08\/15\/fortalece-imss-veracruz-norte-a-lanzamiento-de-prevenimss\/","title":{"rendered":"Fortalece IMSS Veracruz Norte a lanzamiento de PREVENIMSS+"},"content":{"rendered":"\n<p>El programa PREVENIMSS+ y la campa\u00f1a \u201cDate tiempo, ch\u00e9cate en PREVENIMSS\u201d, el Instituto Mexicano del Seguro Social (IMSS) en Veracruz Norte tiene como objetivo fortalecer la promoci\u00f3n de h\u00e1bitos saludables, en un ambiente familiar de sano esparcimiento, as\u00ed como de realizar acciones preventivas y de detecci\u00f3n de enfermedades de acuerdo con la edad y al sexo.<\/p>\n\n\n\n<p>Cabe se\u00f1alar, que el programa de Salud PREVENIMSS+ cuenta con acciones espec\u00edfica enfocadas a cinco grupos de edad, ni\u00f1os menores de 10 a\u00f1os, adolescentes de 10 a 19 a\u00f1os, mujeres de 20 a 59 a\u00f1os, hombres de 20 a 59 a\u00f1os y adultos mayores de 60 a\u00f1os.<\/p>\n\n\n\n<blockquote class=\"wp-block-quote is-layout-flow wp-block-quote-is-layout-flow\"><p>\u201c<em>El programa PREVENIMSS+ comprende un conjunto de acciones preventivas y educativas para la protecci\u00f3n de la salud; en ese sentido, en todas nuestras Unidades M\u00e9dicas, se est\u00e1n llevando a cabo orientaciones de nutrici\u00f3n, salud sexual y reproductiva; chequeos para prevenci\u00f3n, detecci\u00f3n y control de enfermedades<\/em>\u201d, inform\u00f3 la doctora Ingrid Zaragoza Ruiz.<\/p><\/blockquote>\n\n\n\n<p>Agreg\u00f3 adem\u00e1s, \u201cque en materia de cultura f\u00edsica y deporte se realiz\u00f3 una activaci\u00f3n de cardio dance y rutina de estiramiento en el Estadio Xalape\u00f1o, en la cual participaron derechohabientes y trabajadores; en el rubro de alimentaci\u00f3n saludable, se promovieron los programas \u201cPierde Kilos, Gana Vida\u201d y \u201cNutrIMSS\u201d; asimismo, en los casos en que se detectaron derechohabientes con problemas motrices, fueron referidos al Programa de Atenci\u00f3n Social a la Salud (PAAS).<\/p>\n\n\n\n<p>En este sentido, se reitera a la poblaci\u00f3n usuaria a visitar los m\u00f3dulos PREVENIMSS+, as\u00ed como a evaluar sus riesgos a trav\u00e9s de la aplicaci\u00f3n CHKT en l\u00ednea y a tomar los cursos disponibles en la plataforma CLIMSS, del Programa Nacional de Activaci\u00f3n F\u00edsica para la Salud, as\u00ed como el resto de la cartera de servicios de Prestaciones Sociales.<\/p>\n\n\n\n<div class=\"wp-block-image\"><figure class=\"aligncenter size-large\"><img loading=\"lazy\" decoding=\"async\" width=\"1024\" height=\"578\" src=\"https:\/\/nvnoticias.mx\/wp-content\/uploads\/2022\/08\/PrevenIMSS-2-1024x578.jpg\" alt=\"\" class=\"wp-image-69887\" srcset=\"https:\/\/nvnoticias.mx\/wp-content\/uploads\/2022\/08\/PrevenIMSS-2-1024x578.jpg 1024w, https:\/\/nvnoticias.mx\/wp-content\/uploads\/2022\/08\/PrevenIMSS-2-300x169.jpg 300w, https:\/\/nvnoticias.mx\/wp-content\/uploads\/2022\/08\/PrevenIMSS-2-768x434.jpg 768w, https:\/\/nvnoticias.mx\/wp-content\/uploads\/2022\/08\/PrevenIMSS-2.jpg 1500w\" sizes=\"auto, (max-width: 1024px) 100vw, 1024px\" \/><\/figure><\/div>\n\n\n\n<p><\/p>\n","protected":false},"excerpt":{"rendered":"<p>El programa PREVENIMSS+ y la campa\u00f1a \u201cDate tiempo, ch\u00e9cate en PREVENIMSS\u201d, el Instituto Mexicano del Seguro Social (IMSS) en Veracruz Norte tiene como objetivo fortalecer la promoci\u00f3n de h\u00e1bitos saludables, en un ambiente familiar de sano esparcimiento, as\u00ed como de realizar acciones preventivas y de detecci\u00f3n de enfermedades de acuerdo con la edad y al [&hellip;]<\/p>\n","protected":false},"author":8,"featured_media":69886,"comment_status":"open","ping_status":"open","sticky":false,"template":"","format":"standard","meta":{"_monsterinsights_skip_tracking":false,"_monsterinsights_sitenote_active":false,"_monsterinsights_sitenote_note":"","_monsterinsights_sitenote_category":0,"footnotes":""},"categories":[154],"tags":[1687,18327],"class_list":["post-69884","post","type-post","status-publish","format-standard","has-post-thumbnail","hentry","category-veracruz","tag-imss-veracruz-norte","tag-prevenimss-2","wp-image-borders"],"amp_enabled":true,"_links":{"self":[{"href":"https:\/\/nvnoticias.mx\/index.php\/wp-json\/wp\/v2\/posts\/69884","targetHints":{"allow":["GET"]}}],"collection":[{"href":"https:\/\/nvnoticias.mx\/index.php\/wp-json\/wp\/v2\/posts"}],"about":[{"href":"https:\/\/nvnoticias.mx\/index.php\/wp-json\/wp\/v2\/types\/post"}],"author":[{"embeddable":true,"href":"https:\/\/nvnoticias.mx\/index.php\/wp-json\/wp\/v2\/users\/8"}],"replies":[{"embeddable":true,"href":"https:\/\/nvnoticias.mx\/index.php\/wp-json\/wp\/v2\/comments?post=69884"}],"version-history":[{"count":1,"href":"https:\/\/nvnoticias.mx\/index.php\/wp-json\/wp\/v2\/posts\/69884\/revisions"}],"predecessor-version":[{"id":69888,"href":"https:\/\/nvnoticias.mx\/index.php\/wp-json\/wp\/v2\/posts\/69884\/revisions\/69888"}],"wp:featuredmedia":[{"embeddable":true,"href":"https:\/\/nvnoticias.mx\/index.php\/wp-json\/wp\/v2\/media\/69886"}],"wp:attachment":[{"href":"https:\/\/nvnoticias.mx\/index.php\/wp-json\/wp\/v2\/media?parent=69884"}],"wp:term":[{"taxonomy":"category","embeddable":true,"href":"https:\/\/nvnoticias.mx\/index.php\/wp-json\/wp\/v2\/categories?post=69884"},{"taxonomy":"post_tag","embeddable":true,"href":"https:\/\/nvnoticias.mx\/index.php\/wp-json\/wp\/v2\/tags?post=69884"}],"curies":[{"name":"wp","href":"https:\/\/api.w.org\/{rel}","templated":true}]}}