{"id":69878,"date":"2022-08-15T13:28:04","date_gmt":"2022-08-15T18:28:04","guid":{"rendered":"https:\/\/nvnoticias.mx\/?p=69878"},"modified":"2022-08-15T13:28:05","modified_gmt":"2022-08-15T18:28:05","slug":"impulsaran-desarrollo-de-la-zona-metropolitana-de-xalapa","status":"publish","type":"post","link":"https:\/\/nvnoticias.mx\/index.php\/2022\/08\/15\/impulsaran-desarrollo-de-la-zona-metropolitana-de-xalapa\/","title":{"rendered":"Impulsar\u00e1n desarrollo de la Zona Metropolitana de Xalapa"},"content":{"rendered":"\n<p>Xalapa, Ver.- Con el fin de impulsar la gobernanza metropolitana, as\u00ed como la planeaci\u00f3n, regulaci\u00f3n y ordenamiento territorial, las y los integrantes del Cabildo aprobaron en Sesi\u00f3n Ordinaria que Xalapa signe un Convenio de Coordinaci\u00f3n con Ia Secretar\u00eda de Desarrollo Agrario, Territorial y Urbano (Sedatu) y la Secretar\u00eda de Desarrollo Social de Veracruz (Sedesol).<\/p>\n\n\n\n<p>En este convenio, que adem\u00e1s tiene el objetivo de impulsar el desarrollo urbano y regional de la Zona Metropolitana de Xalapa, tambi\u00e9n participar\u00edan los ayuntamientos de Banderilla, Coacoatzintla, Coatepec, Emiliano Zapata, Jilotepec, Rafael Lucio, Tlalnelhuayocan y Xico.<\/p>\n\n\n\n<p>Al respecto, el presidente municipal Ricardo Ahued Bardahuil explic\u00f3 que esto permitir\u00e1 mejorar la convivencia urbana y tomar acuerdos para la construcci\u00f3n de obra p\u00fablica e inversiones con el apoyo de los gobiernos Federal y Estatal.<\/p>\n\n\n\n<p>En la sesi\u00f3n celebrada este lunes, tambi\u00e9n se aprob\u00f3 que el Alcalde y la s\u00edndica \u00fanica, Cecilia Leyla Coronel Brizio, en representaci\u00f3n del Ayuntamiento, suscriban Convenio Marco de Colaboraci\u00f3n con la Contralor\u00eda General del Estado, para formalizar la incorporaci\u00f3n del Ayuntamiento en la Comisi\u00f3n Permanente de Contralores Estado-Municipios de Veracruz.<\/p>\n\n\n\n<p>Adem\u00e1s, se autoriz\u00f3 el informe del estado de la obra p\u00fablica correspondiente a julio de 2022 para su remisi\u00f3n al Congreso del Estado. Tambi\u00e9n se modific\u00f3 el Acuerdo 32 de Cabildo, relativo al Programa Anual de Arrendamientos de Bienes Inmuebles 2022.<\/p>\n\n\n\n<p>Asimismo, se aprobaron los estados financieros de julio para su glosa preventiva y remisi\u00f3n al Congreso del Estado y se present\u00f3 el Informe de actividades de la Secretar\u00eda del Ayuntamiento correspondientes al mismo mes.<\/p>\n\n\n\n<p>Por otra parte, se aprobaron las actas de las sesiones Ordinaria del 29 de julio y Extraordinaria del 4 de agosto.<\/p>\n\n\n\n<p>En Asuntos Generales, a propuesta del regidor Carlos Rugerio Mart\u00ednez se autoriz\u00f3 el cambio de uso de suelo en un predio estatal ubicado en el bulevar Xalapa-Banderilla 1004 y la Privada de la avenida M\u00e9xico, colonia Revoluci\u00f3n, con el fin de realizar la construcci\u00f3n de un inmueble de diez niveles destinado a oficinas administrativas.<\/p>\n\n\n\n<div class=\"wp-block-image\"><figure class=\"aligncenter size-large\"><img loading=\"lazy\" decoding=\"async\" width=\"1024\" height=\"648\" src=\"https:\/\/nvnoticias.mx\/wp-content\/uploads\/2022\/08\/WhatsApp-Image-2022-08-15-at-11.57.44-AM-1024x648.jpeg\" alt=\"\" class=\"wp-image-69880\" srcset=\"https:\/\/nvnoticias.mx\/wp-content\/uploads\/2022\/08\/WhatsApp-Image-2022-08-15-at-11.57.44-AM-1024x648.jpeg 1024w, https:\/\/nvnoticias.mx\/wp-content\/uploads\/2022\/08\/WhatsApp-Image-2022-08-15-at-11.57.44-AM-300x190.jpeg 300w, https:\/\/nvnoticias.mx\/wp-content\/uploads\/2022\/08\/WhatsApp-Image-2022-08-15-at-11.57.44-AM-768x486.jpeg 768w, https:\/\/nvnoticias.mx\/wp-content\/uploads\/2022\/08\/WhatsApp-Image-2022-08-15-at-11.57.44-AM-1536x972.jpeg 1536w, https:\/\/nvnoticias.mx\/wp-content\/uploads\/2022\/08\/WhatsApp-Image-2022-08-15-at-11.57.44-AM.jpeg 1600w\" sizes=\"auto, (max-width: 1024px) 100vw, 1024px\" \/><\/figure><\/div>\n\n\n\n<div class=\"wp-block-image\"><figure class=\"aligncenter size-large\"><img loading=\"lazy\" decoding=\"async\" width=\"1024\" height=\"668\" src=\"https:\/\/nvnoticias.mx\/wp-content\/uploads\/2022\/08\/WhatsApp-Image-2022-08-15-at-11.57.45-AM-1024x668.jpeg\" alt=\"\" class=\"wp-image-69881\" srcset=\"https:\/\/nvnoticias.mx\/wp-content\/uploads\/2022\/08\/WhatsApp-Image-2022-08-15-at-11.57.45-AM-1024x668.jpeg 1024w, https:\/\/nvnoticias.mx\/wp-content\/uploads\/2022\/08\/WhatsApp-Image-2022-08-15-at-11.57.45-AM-300x196.jpeg 300w, https:\/\/nvnoticias.mx\/wp-content\/uploads\/2022\/08\/WhatsApp-Image-2022-08-15-at-11.57.45-AM-768x501.jpeg 768w, https:\/\/nvnoticias.mx\/wp-content\/uploads\/2022\/08\/WhatsApp-Image-2022-08-15-at-11.57.45-AM-1536x1002.jpeg 1536w, https:\/\/nvnoticias.mx\/wp-content\/uploads\/2022\/08\/WhatsApp-Image-2022-08-15-at-11.57.45-AM.jpeg 1600w\" sizes=\"auto, (max-width: 1024px) 100vw, 1024px\" \/><\/figure><\/div>\n","protected":false},"excerpt":{"rendered":"<p>Xalapa, Ver.- Con el fin de impulsar la gobernanza metropolitana, as\u00ed como la planeaci\u00f3n, regulaci\u00f3n y ordenamiento territorial, las y los integrantes del Cabildo aprobaron en Sesi\u00f3n Ordinaria que Xalapa signe un Convenio de Coordinaci\u00f3n con Ia Secretar\u00eda de Desarrollo Agrario, Territorial y Urbano (Sedatu) y la Secretar\u00eda de Desarrollo Social de Veracruz (Sedesol). En [&hellip;]<\/p>\n","protected":false},"author":8,"featured_media":69882,"comment_status":"open","ping_status":"open","sticky":false,"template":"","format":"standard","meta":{"_monsterinsights_skip_tracking":false,"_monsterinsights_sitenote_active":false,"_monsterinsights_sitenote_note":"","_monsterinsights_sitenote_category":0,"footnotes":""},"categories":[156],"tags":[4740,312,18326],"class_list":["post-69878","post","type-post","status-publish","format-standard","has-post-thumbnail","hentry","category-estado","tag-desarrollo","tag-xalapa","tag-zona-metropolitana","wp-image-borders"],"amp_enabled":true,"_links":{"self":[{"href":"https:\/\/nvnoticias.mx\/index.php\/wp-json\/wp\/v2\/posts\/69878","targetHints":{"allow":["GET"]}}],"collection":[{"href":"https:\/\/nvnoticias.mx\/index.php\/wp-json\/wp\/v2\/posts"}],"about":[{"href":"https:\/\/nvnoticias.mx\/index.php\/wp-json\/wp\/v2\/types\/post"}],"author":[{"embeddable":true,"href":"https:\/\/nvnoticias.mx\/index.php\/wp-json\/wp\/v2\/users\/8"}],"replies":[{"embeddable":true,"href":"https:\/\/nvnoticias.mx\/index.php\/wp-json\/wp\/v2\/comments?post=69878"}],"version-history":[{"count":1,"href":"https:\/\/nvnoticias.mx\/index.php\/wp-json\/wp\/v2\/posts\/69878\/revisions"}],"predecessor-version":[{"id":69883,"href":"https:\/\/nvnoticias.mx\/index.php\/wp-json\/wp\/v2\/posts\/69878\/revisions\/69883"}],"wp:featuredmedia":[{"embeddable":true,"href":"https:\/\/nvnoticias.mx\/index.php\/wp-json\/wp\/v2\/media\/69882"}],"wp:attachment":[{"href":"https:\/\/nvnoticias.mx\/index.php\/wp-json\/wp\/v2\/media?parent=69878"}],"wp:term":[{"taxonomy":"category","embeddable":true,"href":"https:\/\/nvnoticias.mx\/index.php\/wp-json\/wp\/v2\/categories?post=69878"},{"taxonomy":"post_tag","embeddable":true,"href":"https:\/\/nvnoticias.mx\/index.php\/wp-json\/wp\/v2\/tags?post=69878"}],"curies":[{"name":"wp","href":"https:\/\/api.w.org\/{rel}","templated":true}]}}