{"id":69851,"date":"2022-08-15T12:29:05","date_gmt":"2022-08-15T17:29:05","guid":{"rendered":"https:\/\/nvnoticias.mx\/?p=69851"},"modified":"2022-08-15T12:29:06","modified_gmt":"2022-08-15T17:29:06","slug":"aplaza-juez-a-enero-de-2023-inicio-del-juicio-contra-genaro-garcia-luna-en-eu","status":"publish","type":"post","link":"https:\/\/nvnoticias.mx\/index.php\/2022\/08\/15\/aplaza-juez-a-enero-de-2023-inicio-del-juicio-contra-genaro-garcia-luna-en-eu\/","title":{"rendered":"Aplaza juez a enero de 2023 inicio del juicio contra Genaro Garc\u00eda Luna en EU"},"content":{"rendered":"\n<p>Un juez aplaz\u00f3 para enero el inicio del juicio de\u00a0Genaro Garc\u00eda Luna, ex secretario de Seguridad P\u00fablica en el sexenio de\u00a0<strong>Felipe Calder\u00f3n<\/strong>, acusado en Nueva York de tr\u00e1fico de drogas.<\/p>\n\n\n\n<p>El juez Brian Cogan decidi\u00f3 en una orden presentada en el sistema electr\u00f3nico de las cortes federales estadunidenses que la selecci\u00f3n de los miembros del jurado empezar\u00e1 el 9 de enero de 2023 en lugar de octubre, que era el mes fijado para el inicio del procedimiento.<\/p>\n\n\n\n<p>Garc\u00eda Luna est\u00e1 acusado en Estados Unidos de recibir millones de d\u00f3lares en sobornos del\u00a0c\u00e1rtel de Sinaloa\u00a0a cambio de permitir que la organizaci\u00f3n criminal pudiera operar a sus anchas.<\/p>\n\n\n\n<p>Se ha declarado inocente de cargos que incluyen&nbsp;<strong>asociaci\u00f3n delictiva para distribuir coca\u00edna, participaci\u00f3n en una empresa criminal continua y mentir a las autoridades<\/strong>. El ex funcionario mexicano, de 53 a\u00f1os, se encuentra en prisi\u00f3n en Nueva York.<\/p>\n\n\n\n<p>La decisi\u00f3n de Cogan es en respuesta al pedido del abogado de Garc\u00eda Luna, C\u00e9sar de Castro, de tener m\u00e1s tiempo para revisar todas las pruebas que la fiscal\u00eda del distrito este de Nueva York est\u00e1 presentando en preparaci\u00f3n al juicio.<\/p>\n\n\n\n<p>El mes pasado los fiscales dijeron que planean entregar al abogado cinco aparatos electr\u00f3nicos de un testigo de la fiscal\u00eda, adem\u00e1s de 4 mil 900 grabaciones de otro testigo. Tambi\u00e9n dijeron que ya han entregado 6 mil 100 p\u00e1ginas con testimonios de testigos del caso y que planean entregar otras 7 mil 500 con declaraciones de testigos.<\/p>\n\n\n\n<p>En total, los fiscales en el caso han presentado m\u00e1s de un mill\u00f3n de p\u00e1ginas que los miembros de la fiscal\u00eda consideran pruebas contra Garc\u00eda Luna, dijo De Castro. Adem\u00e1s, muchas de las grabaciones presentadas, sostuvo el abogado, son en espa\u00f1ol y, por lo tanto, el equipo de defensa necesitar\u00e1 un int\u00e9rprete.<\/p>\n\n\n\n<p>Cogan dijo el lunes en su orden que otro juez tendr\u00e1 a cargo la selecci\u00f3n de jurado y despu\u00e9s \u00e9l presidir\u00e1 el juicio.<\/p>\n\n\n\n<p>Fuente: <a href=\"https:\/\/www.milenio.com\/policia\/genaro-garcia-luna-juez-aplaza-enero-2023-inicio-juicio-eu\" data-type=\"URL\" data-id=\"https:\/\/www.milenio.com\/policia\/genaro-garcia-luna-juez-aplaza-enero-2023-inicio-juicio-eu\">Milenio<\/a><\/p>\n","protected":false},"excerpt":{"rendered":"<p>Un juez aplaz\u00f3 para enero el inicio del juicio de\u00a0Genaro Garc\u00eda Luna, ex secretario de Seguridad P\u00fablica en el sexenio de\u00a0Felipe Calder\u00f3n, acusado en Nueva York de tr\u00e1fico de drogas. El juez Brian Cogan decidi\u00f3 en una orden presentada en el sistema electr\u00f3nico de las cortes federales estadunidenses que la selecci\u00f3n de los miembros del [&hellip;]<\/p>\n","protected":false},"author":35,"featured_media":16522,"comment_status":"open","ping_status":"open","sticky":false,"template":"","format":"standard","meta":{"_monsterinsights_skip_tracking":false,"_monsterinsights_sitenote_active":false,"_monsterinsights_sitenote_note":"","_monsterinsights_sitenote_category":0,"footnotes":""},"categories":[158],"tags":[7413,183,4504,9051,2188,1042],"class_list":["post-69851","post","type-post","status-publish","format-standard","has-post-thumbnail","hentry","category-politica","tag-enero","tag-estados-unidos","tag-genaro-garcia-luna","tag-inicio","tag-juez","tag-juicio","wp-image-borders"],"amp_enabled":true,"_links":{"self":[{"href":"https:\/\/nvnoticias.mx\/index.php\/wp-json\/wp\/v2\/posts\/69851","targetHints":{"allow":["GET"]}}],"collection":[{"href":"https:\/\/nvnoticias.mx\/index.php\/wp-json\/wp\/v2\/posts"}],"about":[{"href":"https:\/\/nvnoticias.mx\/index.php\/wp-json\/wp\/v2\/types\/post"}],"author":[{"embeddable":true,"href":"https:\/\/nvnoticias.mx\/index.php\/wp-json\/wp\/v2\/users\/35"}],"replies":[{"embeddable":true,"href":"https:\/\/nvnoticias.mx\/index.php\/wp-json\/wp\/v2\/comments?post=69851"}],"version-history":[{"count":1,"href":"https:\/\/nvnoticias.mx\/index.php\/wp-json\/wp\/v2\/posts\/69851\/revisions"}],"predecessor-version":[{"id":69852,"href":"https:\/\/nvnoticias.mx\/index.php\/wp-json\/wp\/v2\/posts\/69851\/revisions\/69852"}],"wp:featuredmedia":[{"embeddable":true,"href":"https:\/\/nvnoticias.mx\/index.php\/wp-json\/wp\/v2\/media\/16522"}],"wp:attachment":[{"href":"https:\/\/nvnoticias.mx\/index.php\/wp-json\/wp\/v2\/media?parent=69851"}],"wp:term":[{"taxonomy":"category","embeddable":true,"href":"https:\/\/nvnoticias.mx\/index.php\/wp-json\/wp\/v2\/categories?post=69851"},{"taxonomy":"post_tag","embeddable":true,"href":"https:\/\/nvnoticias.mx\/index.php\/wp-json\/wp\/v2\/tags?post=69851"}],"curies":[{"name":"wp","href":"https:\/\/api.w.org\/{rel}","templated":true}]}}