{"id":69809,"date":"2022-08-15T09:31:38","date_gmt":"2022-08-15T14:31:38","guid":{"rendered":"https:\/\/nvnoticias.mx\/?p=69809"},"modified":"2022-08-15T09:31:40","modified_gmt":"2022-08-15T14:31:40","slug":"amlo-prefiere-combatir-en-cuba-un-incendio-que-rescatar-a-10-mineros-mexicanos-anaya","status":"publish","type":"post","link":"https:\/\/nvnoticias.mx\/index.php\/2022\/08\/15\/amlo-prefiere-combatir-en-cuba-un-incendio-que-rescatar-a-10-mineros-mexicanos-anaya\/","title":{"rendered":"AMLO prefiere combatir en Cuba un incendio que rescatar a 10 mineros mexicanos: Anaya"},"content":{"rendered":"\n<p>El panista Ricardo Anaya se\u00f1al\u00f3 este lunes que al presidente Andr\u00e9s Manuel L\u00f3pez Obrador le importa m\u00e1s mandar gente a Cuba a combatir un incendio que rescatar a las 10 personas que est\u00e1n atrapadas en un mina en Sabinas, Coahuila.<\/p>\n\n\n\n<blockquote class=\"wp-block-quote is-layout-flow wp-block-quote-is-layout-flow\"><p>\u201cClaro que da coraje, que al presidente le importa m\u00e1s mandar gente a Cuba a combatir un incendio que rescatar a 10 mineros mexicanos y todav\u00eda se da el lujo de rechazar la ayuda internacional para lograr el rescate\u201d, consider\u00f3.<\/p><\/blockquote>\n\n\n\n<p>En un video, el excandidato presidencial narra la condiciones en las que trabajan los mineros en M\u00e9xico, quienes no tienen el equipo que las normas oficiales exigen para que trabajen.<\/p>\n\n\n\n<p>Anaya coment\u00f3 que hace meses visit\u00f3 una mina de carb\u00f3n en Coahuila, donde uno de los trabajadores le explic\u00f3 c\u00f3mo se colapsan los soportes de madera y se derrumban, quedando personas atrapadas.<\/p>\n\n\n\n<blockquote class=\"wp-block-quote is-layout-flow wp-block-quote-is-layout-flow\"><p>\u201cUn minero que se llama Crescencio me cont\u00f3 c\u00f3mo se colapsan los soportes de madera y se te viene la mina encima, por eso se ha muerto tanta gente. Es que no caben ni parados los mineros en el t\u00fanel y no hay otra salida mas que por donde entraste. SI se colapsa, ah\u00ed te quedas atrapado. La realidad es que hace mucho tiempo el gobierno los abandon\u00f3\u201d, se\u00f1ala el pol\u00edtico.<\/p><\/blockquote>\n\n\n\n<p>Adem\u00e1s, el panista reclam\u00f3 que la actual administraci\u00f3n legisla para que se use m\u00e1s carb\u00f3n para generar electricidad.<\/p>\n\n\n\n<blockquote class=\"wp-block-quote is-layout-flow wp-block-quote-is-layout-flow\"><p>\u201cCarb\u00f3n rojo, como le llaman las familias de los mineros, carb\u00f3n rojo porque est\u00e1 manchado con la sangre de todos los que han muerto ah\u00ed; 80 mineros han perdido la vida de 2006 para ac\u00e1. El problema de fondo es que los pol\u00edticos est\u00e1n encerrados en sus palacios, en la comodidad de sus oficinas\u201d, mencion\u00f3.<\/p><\/blockquote>\n\n\n\n<p>En la grabaci\u00f3n, Anaya, quien han manifestado que buscar\u00e1 la candidatura presidencial en 2024, coment\u00f3 que los pol\u00edticos solo van a las minas cuando ocurren tragedias con la intenci\u00f3n de tomarse la foto.<\/p>\n\n\n\n<blockquote class=\"wp-block-quote is-layout-flow wp-block-quote-is-layout-flow\"><p>\u201cExijamos que se haga todo para salvar la vida de los mineros. ya basta de divisi\u00f3n. Enfrentamos este y todos los problemas juntos. Podemos pensar distinto y a\u00fan as\u00ed ponernos de acuerdo\u201d, enfatiz\u00f3.<\/p><\/blockquote>\n\n\n\n<p>El mi\u00e9rcoles 3 de agosto una mina en Sabinas, Coahuila, colaps\u00f3, dejando atrapados a 10 mineros. Hasta el momento no han podido sacarlos, pues se ha filtrado agua a la mina que impide que rescatistas entren.<\/p>\n\n\n\n<p>Fuente: <a href=\"https:\/\/www.forbes.com.mx\/amlo-prefiere-mandar-gente-a-cuba-a-combatir-un-incendio-que-rescatar-a-10-mineros-ricardo-anaya\/\" data-type=\"URL\" data-id=\"https:\/\/www.forbes.com.mx\/amlo-prefiere-mandar-gente-a-cuba-a-combatir-un-incendio-que-rescatar-a-10-mineros-ricardo-anaya\/\">Forbes<\/a> <\/p>\n","protected":false},"excerpt":{"rendered":"<p>El panista Ricardo Anaya se\u00f1al\u00f3 este lunes que al presidente Andr\u00e9s Manuel L\u00f3pez Obrador le importa m\u00e1s mandar gente a Cuba a combatir un incendio que rescatar a las 10 personas que est\u00e1n atrapadas en un mina en Sabinas, Coahuila. \u201cClaro que da coraje, que al presidente le importa m\u00e1s mandar gente a Cuba a [&hellip;]<\/p>\n","protected":false},"author":35,"featured_media":27941,"comment_status":"open","ping_status":"open","sticky":false,"template":"","format":"standard","meta":{"_monsterinsights_skip_tracking":false,"_monsterinsights_sitenote_active":false,"_monsterinsights_sitenote_note":"","_monsterinsights_sitenote_category":0,"footnotes":""},"categories":[158],"tags":[188,2337,2501,310,9245,509],"class_list":["post-69809","post","type-post","status-publish","format-standard","has-post-thumbnail","hentry","category-politica","tag-amlo","tag-coahuila","tag-cuba","tag-incendio","tag-mineros","tag-ricardo-anaya","wp-image-borders"],"amp_enabled":true,"_links":{"self":[{"href":"https:\/\/nvnoticias.mx\/index.php\/wp-json\/wp\/v2\/posts\/69809","targetHints":{"allow":["GET"]}}],"collection":[{"href":"https:\/\/nvnoticias.mx\/index.php\/wp-json\/wp\/v2\/posts"}],"about":[{"href":"https:\/\/nvnoticias.mx\/index.php\/wp-json\/wp\/v2\/types\/post"}],"author":[{"embeddable":true,"href":"https:\/\/nvnoticias.mx\/index.php\/wp-json\/wp\/v2\/users\/35"}],"replies":[{"embeddable":true,"href":"https:\/\/nvnoticias.mx\/index.php\/wp-json\/wp\/v2\/comments?post=69809"}],"version-history":[{"count":5,"href":"https:\/\/nvnoticias.mx\/index.php\/wp-json\/wp\/v2\/posts\/69809\/revisions"}],"predecessor-version":[{"id":69814,"href":"https:\/\/nvnoticias.mx\/index.php\/wp-json\/wp\/v2\/posts\/69809\/revisions\/69814"}],"wp:featuredmedia":[{"embeddable":true,"href":"https:\/\/nvnoticias.mx\/index.php\/wp-json\/wp\/v2\/media\/27941"}],"wp:attachment":[{"href":"https:\/\/nvnoticias.mx\/index.php\/wp-json\/wp\/v2\/media?parent=69809"}],"wp:term":[{"taxonomy":"category","embeddable":true,"href":"https:\/\/nvnoticias.mx\/index.php\/wp-json\/wp\/v2\/categories?post=69809"},{"taxonomy":"post_tag","embeddable":true,"href":"https:\/\/nvnoticias.mx\/index.php\/wp-json\/wp\/v2\/tags?post=69809"}],"curies":[{"name":"wp","href":"https:\/\/api.w.org\/{rel}","templated":true}]}}