{"id":69798,"date":"2022-08-14T16:24:25","date_gmt":"2022-08-14T21:24:25","guid":{"rendered":"https:\/\/nvnoticias.mx\/?p=69798"},"modified":"2022-08-14T16:24:26","modified_gmt":"2022-08-14T21:24:26","slug":"el-proximo-mes-se-discutira-el-paquete-economico","status":"publish","type":"post","link":"https:\/\/nvnoticias.mx\/index.php\/2022\/08\/14\/el-proximo-mes-se-discutira-el-paquete-economico\/","title":{"rendered":"El pr\u00f3ximo mes se discutir\u00e1 el Paquete Econ\u00f3mico"},"content":{"rendered":"\n<p><strong>Jes\u00fas Utrilla &#8211; NV Noticias<\/strong><\/p>\n\n\n\n<p>Veracruz.- A pesar de los cambios en materia hacendaria, es poco probable que se implementen nuevos impuestos para 2023, aunque las discusiones del Paquete Econ\u00f3mico comenzar\u00e1n en septiembre.<\/p>\n\n\n\n<p>Mauro Villalobos Villegas, presidente de la Comisi\u00f3n Fiscal de Coparmex, confi\u00f3 que en septiembre, cuando comience a analizarse la propuesta de reformas fiscales 2023, no se incluyan puntos que perjudiquen al contribuyente.<\/p>\n\n\n\n<blockquote class=\"wp-block-quote is-layout-flow wp-block-quote-is-layout-flow\"><p>\u201cLo que est\u00e1n haciendo las autoridades y nosotros como contribuyentes es evaluar. Se ha dado mucha complicaci\u00f3n porque ha sido mucha informaci\u00f3n la que se ha tenido que otorgar a la autoridad con motivo de las reformas fiscales para 2022. Yo creo que hay que ser pacientes y esperar porque hasta ahora no hay ni incremento en tasas de los impuestos ni nuevos impuestos\u201d.<\/p><\/blockquote>\n\n\n\n<p>Consider\u00f3 que temas como Beneficiario Controlador, el nuevo r\u00e9gimen simplificado de confianza, entre otros, se adaptan y ajustan conforme a lo planeado.<\/p>\n\n\n\n<p>Por otro lado llam\u00f3 los trabajadores a no dejar para \u00faltimo momento temas pendientes con el Servicio de Administraci\u00f3n Tributaria para no enfrentarse a largas filas y saturaci\u00f3n del sistema como ocurri\u00f3 cuando intentaron gestionar la constancia de situaci\u00f3n fiscal.<\/p>\n\n\n\n<p>Record\u00f3 que tener en orden estos temas se evitan problemas y complicaciones a futuro y es que de 80 millones de contribuyentes, al menos 50 millones son asalariados.<\/p>\n\n\n\n<blockquote class=\"wp-block-quote is-layout-flow wp-block-quote-is-layout-flow\"><p>\u201cSon 50 millones de personas y hay quien dice que traemos el gen los mexicanos de dejarlo todo para la \u00faltima hora, pero no es cierto. Necesitamos ir y buscar, ya puedes ir sin cita. No hay que dejarlo todo para el final\u201d.<\/p><\/blockquote>\n","protected":false},"excerpt":{"rendered":"<p>Jes\u00fas Utrilla &#8211; NV Noticias Veracruz.- A pesar de los cambios en materia hacendaria, es poco probable que se implementen nuevos impuestos para 2023, aunque las discusiones del Paquete Econ\u00f3mico comenzar\u00e1n en septiembre. Mauro Villalobos Villegas, presidente de la Comisi\u00f3n Fiscal de Coparmex, confi\u00f3 que en septiembre, cuando comience a analizarse la propuesta de reformas [&hellip;]<\/p>\n","protected":false},"author":6,"featured_media":69799,"comment_status":"open","ping_status":"open","sticky":false,"template":"","format":"standard","meta":{"_monsterinsights_skip_tracking":false,"_monsterinsights_sitenote_active":false,"_monsterinsights_sitenote_note":"","_monsterinsights_sitenote_category":0,"footnotes":""},"categories":[154],"tags":[6017],"class_list":["post-69798","post","type-post","status-publish","format-standard","has-post-thumbnail","hentry","category-veracruz","tag-paquete-economico","wp-image-borders"],"amp_enabled":true,"_links":{"self":[{"href":"https:\/\/nvnoticias.mx\/index.php\/wp-json\/wp\/v2\/posts\/69798","targetHints":{"allow":["GET"]}}],"collection":[{"href":"https:\/\/nvnoticias.mx\/index.php\/wp-json\/wp\/v2\/posts"}],"about":[{"href":"https:\/\/nvnoticias.mx\/index.php\/wp-json\/wp\/v2\/types\/post"}],"author":[{"embeddable":true,"href":"https:\/\/nvnoticias.mx\/index.php\/wp-json\/wp\/v2\/users\/6"}],"replies":[{"embeddable":true,"href":"https:\/\/nvnoticias.mx\/index.php\/wp-json\/wp\/v2\/comments?post=69798"}],"version-history":[{"count":1,"href":"https:\/\/nvnoticias.mx\/index.php\/wp-json\/wp\/v2\/posts\/69798\/revisions"}],"predecessor-version":[{"id":69800,"href":"https:\/\/nvnoticias.mx\/index.php\/wp-json\/wp\/v2\/posts\/69798\/revisions\/69800"}],"wp:featuredmedia":[{"embeddable":true,"href":"https:\/\/nvnoticias.mx\/index.php\/wp-json\/wp\/v2\/media\/69799"}],"wp:attachment":[{"href":"https:\/\/nvnoticias.mx\/index.php\/wp-json\/wp\/v2\/media?parent=69798"}],"wp:term":[{"taxonomy":"category","embeddable":true,"href":"https:\/\/nvnoticias.mx\/index.php\/wp-json\/wp\/v2\/categories?post=69798"},{"taxonomy":"post_tag","embeddable":true,"href":"https:\/\/nvnoticias.mx\/index.php\/wp-json\/wp\/v2\/tags?post=69798"}],"curies":[{"name":"wp","href":"https:\/\/api.w.org\/{rel}","templated":true}]}}