{"id":69751,"date":"2022-08-14T09:40:33","date_gmt":"2022-08-14T14:40:33","guid":{"rendered":"https:\/\/nvnoticias.mx\/?p=69751"},"modified":"2022-08-14T09:40:34","modified_gmt":"2022-08-14T14:40:34","slug":"piden-familiares-de-mineros-ayuda-del-extranjero","status":"publish","type":"post","link":"https:\/\/nvnoticias.mx\/index.php\/2022\/08\/14\/piden-familiares-de-mineros-ayuda-del-extranjero\/","title":{"rendered":"Piden familiares de mineros ayuda del extranjero"},"content":{"rendered":"\n<p>Familiares de los diez trabajadores mineros atrapados en un pozo de carb\u00f3n en la Villa de Agujita rompieron este s\u00e1bado el silencio; exigieron el rescate inmediato de sus seres queridos y el cese de la coordinadora Nacional de Protecci\u00f3n Civil, Laura Vel\u00e1zquez.<\/p>\n\n\n\n<blockquote class=\"wp-block-quote is-layout-flow wp-block-quote-is-layout-flow\"><p>\u201cLa autoridad nos dice que nos esperemos, que falta mucho, que falta poco y ellos no saben ni qu\u00e9 cuentas pueden dar y nosotros lo que queremos es que nos ayuden, sacar por medio de otras, ya sea del extranjero o de donde se pueda, pero tratar de sacar a nuestros familiares\u201d, detall\u00f3 Gabriel Rodr\u00edguez Palomares, hermano de Margarito Rodr\u00edguez Palomares, carbonero atrapado a\u00fan en el socav\u00f3n.<\/p><\/blockquote>\n\n\n\n<p>Asegur\u00f3 tambi\u00e9n que han ofrecido su ayuda como conocedores del terreno y la autoridad no les permite participar de ninguna manera en los trabajos de rescate, ni toma en cuenta su experiencia.<\/p>\n\n\n\n<blockquote class=\"wp-block-quote is-layout-flow wp-block-quote-is-layout-flow\"><p>\u201cSeg\u00fan los ingenieros dicen que el agua viene de la mina Las Conchas, nosotros sugerimos que metan bombas all\u00e1 por las Conchas, porque la bomba est\u00e1 constantemente bajando, bajando, bajando y ellos nada m\u00e1s est\u00e1n atacando por aqu\u00ed y el agua esta all\u00e1, no entienden que por all\u00e1 hay una entrada para el rescate\u201d, inform\u00f3 Sergio Alejandro Mart\u00ednez Vald\u00e9s, hermano de Jorge Luis Mart\u00ednez Vald\u00e9s.<\/p><\/blockquote>\n\n\n\n<p>Los familiares aseguran que han propuesto a la Coordinaci\u00f3n de Protecci\u00f3n Civil firmar una responsiva para que les permitan bajar y ayudar en las labores de rescate, pero que la negativa a su petici\u00f3n la argumentan en no arriesgarlos.<\/p>\n\n\n\n<p>De acuerdo con las familias de los carboneros, tienen casi 24 horas sin informaci\u00f3n del rumbo del rescate, pues desde ayer a las 20:00 horas esperan un informe de Laura Vel\u00e1zquez, titular de Protecci\u00f3n Civil nacional. Desde la madrugada de este s\u00e1bado hay equipo que dej\u00f3 de funcionar y no tienen raz\u00f3n de ello.<\/p>\n\n\n\n<blockquote class=\"wp-block-quote is-layout-flow wp-block-quote-is-layout-flow\"><p>\u201cDesde anoche que sali\u00f3 a darnos informaci\u00f3n dijo que iba a venir a las 8:00 de la ma\u00f1ana y es hora que no aparece, no la encuentran aqu\u00ed adentro, no sabemos qu\u00e9 pasa\u201d, dijo Martha Mar\u00eda Huerta, esposa de Sergio Cruz, uno de los carboneros que contin\u00faa en el socav\u00f3n.<\/p><\/blockquote>\n\n\n\n<p>Minutos antes de la rueda de prensa, Laura Vel\u00e1zquez fue vista en un restaurante bar de Sabinas. Los familiares exigieron el cese de la funcionaria federal tras considerarla incapaz de lograr el rescate de sus seres queridos y acusarla de malos tratos a las familias que se ubican en el campamento interior de \u201cEl Pinabete\u201d.<\/p>\n\n\n\n<blockquote class=\"wp-block-quote is-layout-flow wp-block-quote-is-layout-flow\"><p>\u201cNosotros necesitamos a alguien que en realidad sepa la dimensi\u00f3n del problema, la gravedad y que nos ayude y que no nada m\u00e1s nos traiga largas. Mentira tras mentira, nosotros necesitamos un experto, pero experto\u201d.<\/p><\/blockquote>\n\n\n\n<p>Fuente: El Financiero<\/p>\n","protected":false},"excerpt":{"rendered":"<p>Familiares de los diez trabajadores mineros atrapados en un pozo de carb\u00f3n en la Villa de Agujita rompieron este s\u00e1bado el silencio; exigieron el rescate inmediato de sus seres queridos y el cese de la coordinadora Nacional de Protecci\u00f3n Civil, Laura Vel\u00e1zquez. \u201cLa autoridad nos dice que nos esperemos, que falta mucho, que falta poco [&hellip;]<\/p>\n","protected":false},"author":6,"featured_media":69752,"comment_status":"open","ping_status":"open","sticky":false,"template":"","format":"standard","meta":{"_monsterinsights_skip_tracking":false,"_monsterinsights_sitenote_active":false,"_monsterinsights_sitenote_note":"","_monsterinsights_sitenote_category":0,"footnotes":""},"categories":[157],"tags":[9245],"class_list":["post-69751","post","type-post","status-publish","format-standard","has-post-thumbnail","hentry","category-nacional","tag-mineros","wp-image-borders"],"amp_enabled":true,"_links":{"self":[{"href":"https:\/\/nvnoticias.mx\/index.php\/wp-json\/wp\/v2\/posts\/69751","targetHints":{"allow":["GET"]}}],"collection":[{"href":"https:\/\/nvnoticias.mx\/index.php\/wp-json\/wp\/v2\/posts"}],"about":[{"href":"https:\/\/nvnoticias.mx\/index.php\/wp-json\/wp\/v2\/types\/post"}],"author":[{"embeddable":true,"href":"https:\/\/nvnoticias.mx\/index.php\/wp-json\/wp\/v2\/users\/6"}],"replies":[{"embeddable":true,"href":"https:\/\/nvnoticias.mx\/index.php\/wp-json\/wp\/v2\/comments?post=69751"}],"version-history":[{"count":1,"href":"https:\/\/nvnoticias.mx\/index.php\/wp-json\/wp\/v2\/posts\/69751\/revisions"}],"predecessor-version":[{"id":69753,"href":"https:\/\/nvnoticias.mx\/index.php\/wp-json\/wp\/v2\/posts\/69751\/revisions\/69753"}],"wp:featuredmedia":[{"embeddable":true,"href":"https:\/\/nvnoticias.mx\/index.php\/wp-json\/wp\/v2\/media\/69752"}],"wp:attachment":[{"href":"https:\/\/nvnoticias.mx\/index.php\/wp-json\/wp\/v2\/media?parent=69751"}],"wp:term":[{"taxonomy":"category","embeddable":true,"href":"https:\/\/nvnoticias.mx\/index.php\/wp-json\/wp\/v2\/categories?post=69751"},{"taxonomy":"post_tag","embeddable":true,"href":"https:\/\/nvnoticias.mx\/index.php\/wp-json\/wp\/v2\/tags?post=69751"}],"curies":[{"name":"wp","href":"https:\/\/api.w.org\/{rel}","templated":true}]}}