{"id":69707,"date":"2022-08-13T17:54:18","date_gmt":"2022-08-13T22:54:18","guid":{"rendered":"https:\/\/nvnoticias.mx\/?p=69707"},"modified":"2022-08-13T17:54:18","modified_gmt":"2022-08-13T22:54:18","slug":"estrategia-de-seguridad-es-perfectible-ricardo-monreal","status":"publish","type":"post","link":"https:\/\/nvnoticias.mx\/index.php\/2022\/08\/13\/estrategia-de-seguridad-es-perfectible-ricardo-monreal\/","title":{"rendered":"Estrategia de seguridad es perfectible: Ricardo Monreal"},"content":{"rendered":"\n<p>El coordinador parlamentario de Morena, Ricardo Monreal, respaldo el plan de seguridad del presidente Andr\u00e9s Manuel L\u00f3pez Obrador de dejar a las fuerzas armadas en las calles despu\u00e9s de 2024, esto despu\u00e9s delos hechos ocurridos en Jalisco y Guanajuato, los cuales para Monreal demuestran que atender de manera satisfactoria el problema de la inseguridad depende de robustecer la coordinaci\u00f3n entre los poderes Ejecutivo, Legislativo y Judicial, as\u00ed como entre los gobiernos federal, estatal y municipal. <\/p>\n\n\n\n<p>El senador enfatiz\u00f3 que la seguridad p\u00fablica es responsabilidad y trabajo de todos los \u00e1mbitos del Estado, pero consider\u00f3 que los tres poderes de la Uni\u00f3n y \u00f3rdenes de gobierno tienen que revisar a fondo y de manera inmediata el plan del gobierno federal.\u00a0 <\/p>\n\n\n\n<p>En un art\u00edculo que public\u00f3 en redes sociales, se\u00f1al\u00f3 que toda pol\u00edtica es perfectible, es decir, que se puede mejorar a partir de la revisi\u00f3n de sus objetivos y resultados.\u00a0 <\/p>\n\n\n\n<p>Por tanto, se\u00f1al\u00f3 que el Senado de la Rep\u00fablica, como \u00f3rgano del Estado mexicano y facultado por ley para revisar la estrategia de seguridad, es sensible a lo que ocurre en distintas entidades federativas y regiones del pa\u00eds. <\/p>\n\n\n\n<blockquote class=\"wp-block-quote is-layout-flow wp-block-quote-is-layout-flow\"><p>&#8220;<em>No hay tarea m\u00e1s urgente ni m\u00e1s importante que atender el reclamo del pueblo por recuperar la tranquilidad en su vida familiar y personal, y gozar de un entorno de paz, con seguridad y confianza\u00a0y en la C\u00e1mara de Senadores, tenemos la disposici\u00f3n para contribuir a ello<\/em>\u201d, subray\u00f3. <\/p><\/blockquote>\n\n\n\n<figure class=\"wp-block-embed aligncenter is-type-rich is-provider-twitter wp-block-embed-twitter\"><div class=\"wp-block-embed__wrapper\">\n<blockquote class=\"twitter-tweet\" data-width=\"550\" data-dnt=\"true\"><p lang=\"es\" dir=\"ltr\">Toda pol\u00edtica es perfectible. <br>Refrendo mi apoyo a la estrategia de seguridad del presidente <a href=\"https:\/\/twitter.com\/lopezobrador_?ref_src=twsrc%5Etfw\">@lopezobrador_<\/a>; no obstante, los tres poderes de la Uni\u00f3n y los tres \u00f3rdenes de gobierno debemos revisarla de manera inmediata y profunda.<a href=\"https:\/\/t.co\/yA0ODo03jU\">https:\/\/t.co\/yA0ODo03jU<\/a><\/p>&mdash; Ricardo Monreal A. (@RicardoMonrealA) <a href=\"https:\/\/twitter.com\/RicardoMonrealA\/status\/1558207490046713856?ref_src=twsrc%5Etfw\">August 12, 2022<\/a><\/blockquote><script async src=\"https:\/\/platform.twitter.com\/widgets.js\" charset=\"utf-8\"><\/script>\n<\/div><\/figure>\n\n\n\n<p>Monreal record\u00f3 que el pasado 9 de agosto, en un operativo frontal contra grupos del crimen organizado, se vivi\u00f3 una jornada de violencia en diversas localidades de Jalisco y Guanajuato.\u00a0 <\/p>\n\n\n\n<p>Tambi\u00e9n se\u00f1al\u00f3 que es necesario reconocer que el Estado cuenta con plenas capacidades de actuaci\u00f3n, pues el operativo que se condujo fue resultado de tareas de inteligencia que permitieron ubicar una reuni\u00f3n de cabecillas del crimen organizado.\u00a0 <\/p>\n\n\n\n<blockquote class=\"wp-block-quote is-layout-flow wp-block-quote-is-layout-flow\"><p>\u201c<em>Por esta raz\u00f3n, y en pleno refrendo de mi apoyo al presidente L\u00f3pez Obrador, es preciso que los tres poderes de la Uni\u00f3n y los tres \u00f3rdenes de gobierno abramos paso a una revisi\u00f3n inmediata y de fondo de la estrategia de seguridad implementada por el gobierno federal<\/em>\u201d, afirm\u00f3. <\/p><\/blockquote>\n\n\n\n<p>Fuente: <a href=\"https:\/\/www.milenio.com\/politica\/ricardo-monreal-afirma-estrategia-seguridad-perfectible\">Milenio<\/a><\/p>\n","protected":false},"excerpt":{"rendered":"<p>El coordinador parlamentario de Morena, Ricardo Monreal, respaldo el plan de seguridad del presidente Andr\u00e9s Manuel L\u00f3pez Obrador de dejar a las fuerzas armadas en las calles despu\u00e9s de 2024, esto despu\u00e9s delos hechos ocurridos en Jalisco y Guanajuato, los cuales para Monreal demuestran que atender de manera satisfactoria el problema de la inseguridad depende [&hellip;]<\/p>\n","protected":false},"author":8,"featured_media":4636,"comment_status":"open","ping_status":"open","sticky":false,"template":"","format":"standard","meta":{"_monsterinsights_skip_tracking":false,"_monsterinsights_sitenote_active":false,"_monsterinsights_sitenote_note":"","_monsterinsights_sitenote_category":0,"footnotes":""},"categories":[158],"tags":[6168,600,805],"class_list":["post-69707","post","type-post","status-publish","format-standard","has-post-thumbnail","hentry","category-politica","tag-estrategia","tag-ricardo-monreal","tag-seguridad","wp-image-borders"],"amp_enabled":true,"_links":{"self":[{"href":"https:\/\/nvnoticias.mx\/index.php\/wp-json\/wp\/v2\/posts\/69707","targetHints":{"allow":["GET"]}}],"collection":[{"href":"https:\/\/nvnoticias.mx\/index.php\/wp-json\/wp\/v2\/posts"}],"about":[{"href":"https:\/\/nvnoticias.mx\/index.php\/wp-json\/wp\/v2\/types\/post"}],"author":[{"embeddable":true,"href":"https:\/\/nvnoticias.mx\/index.php\/wp-json\/wp\/v2\/users\/8"}],"replies":[{"embeddable":true,"href":"https:\/\/nvnoticias.mx\/index.php\/wp-json\/wp\/v2\/comments?post=69707"}],"version-history":[{"count":1,"href":"https:\/\/nvnoticias.mx\/index.php\/wp-json\/wp\/v2\/posts\/69707\/revisions"}],"predecessor-version":[{"id":69708,"href":"https:\/\/nvnoticias.mx\/index.php\/wp-json\/wp\/v2\/posts\/69707\/revisions\/69708"}],"wp:featuredmedia":[{"embeddable":true,"href":"https:\/\/nvnoticias.mx\/index.php\/wp-json\/wp\/v2\/media\/4636"}],"wp:attachment":[{"href":"https:\/\/nvnoticias.mx\/index.php\/wp-json\/wp\/v2\/media?parent=69707"}],"wp:term":[{"taxonomy":"category","embeddable":true,"href":"https:\/\/nvnoticias.mx\/index.php\/wp-json\/wp\/v2\/categories?post=69707"},{"taxonomy":"post_tag","embeddable":true,"href":"https:\/\/nvnoticias.mx\/index.php\/wp-json\/wp\/v2\/tags?post=69707"}],"curies":[{"name":"wp","href":"https:\/\/api.w.org\/{rel}","templated":true}]}}