{"id":69653,"date":"2022-08-13T12:49:08","date_gmt":"2022-08-13T17:49:08","guid":{"rendered":"https:\/\/nvnoticias.mx\/?p=69653"},"modified":"2022-08-13T12:49:09","modified_gmt":"2022-08-13T17:49:09","slug":"se-lleva-a-cabo-el-foro-seguridad-hidrica-el-agua-como-derecho-humano","status":"publish","type":"post","link":"https:\/\/nvnoticias.mx\/index.php\/2022\/08\/13\/se-lleva-a-cabo-el-foro-seguridad-hidrica-el-agua-como-derecho-humano\/","title":{"rendered":"Se lleva a cabo el Foro Seguridad H\u00eddrica \u2018El Agua como Derecho Humano\u2019"},"content":{"rendered":"\n<p><strong>Jes\u00fas Utrilla \/ NV Noticias<\/strong><\/p>\n\n\n\n<p>Usuarios, legisladores, representantes de Conagua y otros funcionarios llevan a cabo el Foro Seguridad H\u00eddrica \u201cEl Agua como Derecho Humano\u201d, en el World Trade Center de Boca Del R\u00edo.<\/p>\n\n\n\n<p>Se abordan diferentes temas relacionados con el abasto del vital l\u00edquido en la zona y el pa\u00eds en general.&nbsp;<\/p>\n\n\n\n<p>Se abordan temas como el saneamiento de aguas residuales; el agua como derecho humano; la omisi\u00f3n del estado en cuanto al suministro del agua potable; consecuencia de la privatizaci\u00f3n insostenible del agua.<\/p>\n\n\n\n<p>Se trata de ponencias en las que participan diputados locales, federales, senadores y usuarios del agua de Veracruz y otras partes del pa\u00eds.<\/p>\n\n\n\n<p>Se analiza\u2019 las acciones legislativas respecto de las concesiones de agua; seguridad h\u00eddrica y las f\u00e1bricas de agua en el estado; el costo del agua; estatus de la Ley General de Aguas en la C\u00e1mara de Diputados; sentencia de la Suprema Corte de Justicia de la Naci\u00f3n y el estatus de la iniciativa de la Ley General de Aguas de la C\u00e1mara de Senadores; la Ley General de Aguas y la transformaci\u00f3n que M\u00e9xico Necesita, entre otros.&nbsp;<\/p>\n\n\n\n<p>Los asistentes realizan preguntas a los ponentes y se analiza como garantizar un mejor servicio para todos.&nbsp;<\/p>\n","protected":false},"excerpt":{"rendered":"<p>Jes\u00fas Utrilla \/ NV Noticias Usuarios, legisladores, representantes de Conagua y otros funcionarios llevan a cabo el Foro Seguridad H\u00eddrica \u201cEl Agua como Derecho Humano\u201d, en el World Trade Center de Boca Del R\u00edo. Se abordan diferentes temas relacionados con el abasto del vital l\u00edquido en la zona y el pa\u00eds en general.&nbsp; Se abordan [&hellip;]<\/p>\n","protected":false},"author":8,"featured_media":69654,"comment_status":"open","ping_status":"open","sticky":false,"template":"","format":"standard","meta":{"_monsterinsights_skip_tracking":false,"_monsterinsights_sitenote_active":false,"_monsterinsights_sitenote_note":"","_monsterinsights_sitenote_category":0,"footnotes":""},"categories":[154],"tags":[423,18301,18300,18302],"class_list":["post-69653","post","type-post","status-publish","format-standard","has-post-thumbnail","hentry","category-veracruz","tag-boca-del-rio","tag-el-agua-como-derecho-humano","tag-foro-seguridad-hidrica","tag-world-trade-center","wp-image-borders"],"amp_enabled":true,"_links":{"self":[{"href":"https:\/\/nvnoticias.mx\/index.php\/wp-json\/wp\/v2\/posts\/69653","targetHints":{"allow":["GET"]}}],"collection":[{"href":"https:\/\/nvnoticias.mx\/index.php\/wp-json\/wp\/v2\/posts"}],"about":[{"href":"https:\/\/nvnoticias.mx\/index.php\/wp-json\/wp\/v2\/types\/post"}],"author":[{"embeddable":true,"href":"https:\/\/nvnoticias.mx\/index.php\/wp-json\/wp\/v2\/users\/8"}],"replies":[{"embeddable":true,"href":"https:\/\/nvnoticias.mx\/index.php\/wp-json\/wp\/v2\/comments?post=69653"}],"version-history":[{"count":1,"href":"https:\/\/nvnoticias.mx\/index.php\/wp-json\/wp\/v2\/posts\/69653\/revisions"}],"predecessor-version":[{"id":69655,"href":"https:\/\/nvnoticias.mx\/index.php\/wp-json\/wp\/v2\/posts\/69653\/revisions\/69655"}],"wp:featuredmedia":[{"embeddable":true,"href":"https:\/\/nvnoticias.mx\/index.php\/wp-json\/wp\/v2\/media\/69654"}],"wp:attachment":[{"href":"https:\/\/nvnoticias.mx\/index.php\/wp-json\/wp\/v2\/media?parent=69653"}],"wp:term":[{"taxonomy":"category","embeddable":true,"href":"https:\/\/nvnoticias.mx\/index.php\/wp-json\/wp\/v2\/categories?post=69653"},{"taxonomy":"post_tag","embeddable":true,"href":"https:\/\/nvnoticias.mx\/index.php\/wp-json\/wp\/v2\/tags?post=69653"}],"curies":[{"name":"wp","href":"https:\/\/api.w.org\/{rel}","templated":true}]}}