{"id":69649,"date":"2022-08-13T12:44:23","date_gmt":"2022-08-13T17:44:23","guid":{"rendered":"https:\/\/nvnoticias.mx\/?p=69649"},"modified":"2022-08-13T12:44:24","modified_gmt":"2022-08-13T17:44:24","slug":"en-abril-de-2023-podria-contarse-con-la-nueva-ley-general-de-aguas","status":"publish","type":"post","link":"https:\/\/nvnoticias.mx\/index.php\/2022\/08\/13\/en-abril-de-2023-podria-contarse-con-la-nueva-ley-general-de-aguas\/","title":{"rendered":"En abril de 2023 podr\u00eda contarse con la nueva Ley General de Aguas"},"content":{"rendered":"\n<p><strong>Jes\u00fas Utrilla \/ NV Noticias<\/strong><\/p>\n\n\n\n<p>El Congreso de la Uni\u00f3n trabaja en la conformaci\u00f3n de la nueva Ley General de Aguas, destaca la no privatizaci\u00f3n del vital l\u00edquido.<\/p>\n\n\n\n<p>La senadora Gloria S\u00e1nchez, consider\u00f3 que el pr\u00f3ximo a\u00f1o podr\u00eda sacarse adelante y es que la actual Ley Nacional de Aguas, aunque no se ha abrogado, es obsoleta.<\/p>\n\n\n\n<p>Puntualiz\u00f3 que es necesario generar un nuevo marco legal que garantice el abasto de agua potable, drenaje, alcantarillado, tratamiento y disposici\u00f3n de agua residuales.<\/p>\n\n\n\n<blockquote class=\"wp-block-quote is-layout-flow wp-block-quote-is-layout-flow\"><p>\u201c<em>No se ha hecho la abrogaci\u00f3n pero ya es obsoleta. Esa ley ya no est\u00e1 vigente y el Tribunal Superior determin\u00f3 que es omisi\u00f3n y tenemos que sacar una nueva Ley General de Aguas<\/em>\u201d.\u00a0<\/p><\/blockquote>\n\n\n\n<p>La senadora de Morena acudi\u00f3 al WTC de Boca Del R\u00edo al Foro Seguridad H\u00eddrica El Agua como Derecho Humano.<\/p>\n","protected":false},"excerpt":{"rendered":"<p>Jes\u00fas Utrilla \/ NV Noticias El Congreso de la Uni\u00f3n trabaja en la conformaci\u00f3n de la nueva Ley General de Aguas, destaca la no privatizaci\u00f3n del vital l\u00edquido. La senadora Gloria S\u00e1nchez, consider\u00f3 que el pr\u00f3ximo a\u00f1o podr\u00eda sacarse adelante y es que la actual Ley Nacional de Aguas, aunque no se ha abrogado, es [&hellip;]<\/p>\n","protected":false},"author":8,"featured_media":69651,"comment_status":"open","ping_status":"open","sticky":false,"template":"","format":"standard","meta":{"_monsterinsights_skip_tracking":false,"_monsterinsights_sitenote_active":false,"_monsterinsights_sitenote_note":"","_monsterinsights_sitenote_category":0,"footnotes":""},"categories":[154],"tags":[2559,18299],"class_list":["post-69649","post","type-post","status-publish","format-standard","has-post-thumbnail","hentry","category-veracruz","tag-abril","tag-ley-general-de-aguas","wp-image-borders"],"amp_enabled":true,"_links":{"self":[{"href":"https:\/\/nvnoticias.mx\/index.php\/wp-json\/wp\/v2\/posts\/69649","targetHints":{"allow":["GET"]}}],"collection":[{"href":"https:\/\/nvnoticias.mx\/index.php\/wp-json\/wp\/v2\/posts"}],"about":[{"href":"https:\/\/nvnoticias.mx\/index.php\/wp-json\/wp\/v2\/types\/post"}],"author":[{"embeddable":true,"href":"https:\/\/nvnoticias.mx\/index.php\/wp-json\/wp\/v2\/users\/8"}],"replies":[{"embeddable":true,"href":"https:\/\/nvnoticias.mx\/index.php\/wp-json\/wp\/v2\/comments?post=69649"}],"version-history":[{"count":1,"href":"https:\/\/nvnoticias.mx\/index.php\/wp-json\/wp\/v2\/posts\/69649\/revisions"}],"predecessor-version":[{"id":69652,"href":"https:\/\/nvnoticias.mx\/index.php\/wp-json\/wp\/v2\/posts\/69649\/revisions\/69652"}],"wp:featuredmedia":[{"embeddable":true,"href":"https:\/\/nvnoticias.mx\/index.php\/wp-json\/wp\/v2\/media\/69651"}],"wp:attachment":[{"href":"https:\/\/nvnoticias.mx\/index.php\/wp-json\/wp\/v2\/media?parent=69649"}],"wp:term":[{"taxonomy":"category","embeddable":true,"href":"https:\/\/nvnoticias.mx\/index.php\/wp-json\/wp\/v2\/categories?post=69649"},{"taxonomy":"post_tag","embeddable":true,"href":"https:\/\/nvnoticias.mx\/index.php\/wp-json\/wp\/v2\/tags?post=69649"}],"curies":[{"name":"wp","href":"https:\/\/api.w.org\/{rel}","templated":true}]}}