{"id":69534,"date":"2022-08-12T12:05:05","date_gmt":"2022-08-12T17:05:05","guid":{"rendered":"https:\/\/nvnoticias.mx\/?p=69534"},"modified":"2022-08-12T12:05:07","modified_gmt":"2022-08-12T17:05:07","slug":"si-mi-hijo-no-esta-respondiendo-como-padre-que-tenga-consecuencias-sergio-mayer","status":"publish","type":"post","link":"https:\/\/nvnoticias.mx\/index.php\/2022\/08\/12\/si-mi-hijo-no-esta-respondiendo-como-padre-que-tenga-consecuencias-sergio-mayer\/","title":{"rendered":"Si mi hijo no est\u00e1 respondiendo como padre que tenga consecuencias: Sergio Mayer"},"content":{"rendered":"\n<p><strong>Sergio Mayer<\/strong>\u00a0est\u00e1 decidido a apoyar a su hijo, Sergio Mayer Mori, para enfrentar la demanda que su expareja\u00a0<strong>Natalia Subtil\u00a0<\/strong>dijo que pondr\u00e1 en su contra por no hacerse cargo de la manutenci\u00f3n de su hija, Mila, a quien el actor tuvo con la modelo hace 6 a\u00f1os. Sin embargo tambi\u00e9n asegur\u00f3 que, de ser necesaria una sanci\u00f3n en contra de su primog\u00e9nito, tambi\u00e9n dejar\u00e1 que la reciba.\u00a0<\/p>\n\n\n\n<p>Hace unos d\u00edas Natalia declar\u00f3 que se ha cansado de buscar que el padre de su hija se responsabilice de ella, por lo que asegur\u00f3 que proceder\u00e1 legalmente. Adem\u00e1s se\u00f1al\u00f3 al exdiputado como una persona \u201cincongruente\u201d por apoyar movimientos en favor de los derechos y el bienestar de las mujeres, pero no respaldar a su exnuera y su nieta. Al respecto Mayer dijo que s\u00f3lo est\u00e1 interesado en apoyar a la peque\u00f1a Mila.\u00a0<\/p>\n\n\n\n<blockquote class=\"wp-block-quote is-layout-flow wp-block-quote-is-layout-flow\"><p>\u201cApoyar\u00e9 a mi nieta y si mi hijo no est\u00e1 respondiendo como debe de ser como padre, que tenga consecuencias. El tiempo siempre acomoda la verdad y ustedes van a\u00a0 ver si mi hijo cumple o no cumple y si no ha cumplido, que haya consecuencias\u201d, afirm\u00f3 Mayer durante una alfombra roja en el Teatro Centenario Coyoac\u00e1n.<\/p><\/blockquote>\n\n\n\n<p>El integrante de Garibaldi cont\u00f3 que le ha aconsejado a su hijo que tanto \u00e9l como la madre de Mila se acerquen a una autoridad legal que imponga reglas para el beneficio de la peque\u00f1a, porque por ahora s\u00f3lo lo han hecho de forma individual.&nbsp;<\/p>\n\n\n\n<p>Mayer Mori se encuentra actualmente viviendo en Espa\u00f1a junto a su pareja Raquel Chaves, pero seg\u00fan su padre, ya est\u00e1 viajando a M\u00e9xico para enfrentar el problema legal.\u00a0<\/p>\n\n\n\n<blockquote class=\"wp-block-quote is-layout-flow wp-block-quote-is-layout-flow\"><p>\u201cMi hijo va a estar aqu\u00ed, \u00e9l ya viene para ac\u00e1 desde Barcelona, ha estado al pendiente y todo y \u00e9l va a arreglar las cosas como debe de ser, no en los medios porque \u00e9l siempre ha sido muy cuidadoso, es igual que su mam\u00e1\u201d, destac\u00f3.<\/p><\/blockquote>\n\n\n\n<p>Adem\u00e1s asegur\u00f3 que la modelo no quiere responderles personalmente, sino que prefiere hacer de esta situaci\u00f3n un espect\u00e1culo medi\u00e1tico que ellos desaprueban por ser un tema tan delicado y privado.<\/p>\n\n\n\n<blockquote class=\"wp-block-quote is-layout-flow wp-block-quote-is-layout-flow\"><p>\u201cYo defiendo a mi nieta y siempre voy a ver por ella; ella es la madre de mi nieta, no es mi nuera, no es mi hija, no es mi nada, es la madre de mi nieta y yo veo por mi nieta, si ella est\u00e1 esperando que mi hijo o yo veamos por ella pues est\u00e1 equivocada es una mujer de 30 y tantos a\u00f1os que tiene que ver por su vida, y ella tiene que sacar adelante su vida y sacar adelante a su hija de la misma forma en que lo hace mi hijo\u201d.\u00a0<\/p><\/blockquote>\n\n\n\n<p>El mes pasado la peque\u00f1a estuvo de vacaciones con sus bisabuelos paternos y sus abuelos: tanto Mayer como B\u00e1rbara Mori, con quien procre\u00f3 a Sergio, siempre han estado cerca de Mila, sin embargo el actor lamenta que con esta situaci\u00f3n no ha podido verla de nuevo desde hace varios d\u00edas. Mientras todo se resuelve \u00e9l decidi\u00f3 pedirle a Natalia \u201cque sea feliz, que encuentre una nueva pareja y siga adelante\u201d.&nbsp;<\/p>\n\n\n\n<blockquote class=\"wp-block-quote is-layout-flow wp-block-quote-is-layout-flow\"><p>\u201cYo estoy al pendiente de mi nieta por convicci\u00f3n, por amor, y siempre voy a estar al pendiente de ella pero es obligaci\u00f3n tanto del padre como de la madre y siempre el inter\u00e9s de la ni\u00f1a debe prevalecer\u201d.<\/p><\/blockquote>\n\n\n\n<p>Fuente: <a href=\"https:\/\/www.eluniversal.com.mx\/espectaculos\/sergio-mayer-si-mi-hijo-no-esta-respondiendo-como-padre-que-tenga-consecuencias\" data-type=\"URL\" data-id=\"https:\/\/www.eluniversal.com.mx\/espectaculos\/sergio-mayer-si-mi-hijo-no-esta-respondiendo-como-padre-que-tenga-consecuencias\">El Universal<\/a><\/p>\n","protected":false},"excerpt":{"rendered":"<p>Sergio Mayer\u00a0est\u00e1 decidido a apoyar a su hijo, Sergio Mayer Mori, para enfrentar la demanda que su expareja\u00a0Natalia Subtil\u00a0dijo que pondr\u00e1 en su contra por no hacerse cargo de la manutenci\u00f3n de su hija, Mila, a quien el actor tuvo con la modelo hace 6 a\u00f1os. Sin embargo tambi\u00e9n asegur\u00f3 que, de ser necesaria una [&hellip;]<\/p>\n","protected":false},"author":35,"featured_media":69535,"comment_status":"open","ping_status":"open","sticky":false,"template":"","format":"standard","meta":{"_monsterinsights_skip_tracking":false,"_monsterinsights_sitenote_active":false,"_monsterinsights_sitenote_note":"","_monsterinsights_sitenote_category":0,"footnotes":""},"categories":[576],"tags":[5327,18268],"class_list":["post-69534","post","type-post","status-publish","format-standard","has-post-thumbnail","hentry","category-ocio","tag-sergio-mayer","tag-sergio-mayer-mori","wp-image-borders"],"amp_enabled":true,"_links":{"self":[{"href":"https:\/\/nvnoticias.mx\/index.php\/wp-json\/wp\/v2\/posts\/69534","targetHints":{"allow":["GET"]}}],"collection":[{"href":"https:\/\/nvnoticias.mx\/index.php\/wp-json\/wp\/v2\/posts"}],"about":[{"href":"https:\/\/nvnoticias.mx\/index.php\/wp-json\/wp\/v2\/types\/post"}],"author":[{"embeddable":true,"href":"https:\/\/nvnoticias.mx\/index.php\/wp-json\/wp\/v2\/users\/35"}],"replies":[{"embeddable":true,"href":"https:\/\/nvnoticias.mx\/index.php\/wp-json\/wp\/v2\/comments?post=69534"}],"version-history":[{"count":1,"href":"https:\/\/nvnoticias.mx\/index.php\/wp-json\/wp\/v2\/posts\/69534\/revisions"}],"predecessor-version":[{"id":69536,"href":"https:\/\/nvnoticias.mx\/index.php\/wp-json\/wp\/v2\/posts\/69534\/revisions\/69536"}],"wp:featuredmedia":[{"embeddable":true,"href":"https:\/\/nvnoticias.mx\/index.php\/wp-json\/wp\/v2\/media\/69535"}],"wp:attachment":[{"href":"https:\/\/nvnoticias.mx\/index.php\/wp-json\/wp\/v2\/media?parent=69534"}],"wp:term":[{"taxonomy":"category","embeddable":true,"href":"https:\/\/nvnoticias.mx\/index.php\/wp-json\/wp\/v2\/categories?post=69534"},{"taxonomy":"post_tag","embeddable":true,"href":"https:\/\/nvnoticias.mx\/index.php\/wp-json\/wp\/v2\/tags?post=69534"}],"curies":[{"name":"wp","href":"https:\/\/api.w.org\/{rel}","templated":true}]}}