{"id":69502,"date":"2022-08-12T10:46:43","date_gmt":"2022-08-12T15:46:43","guid":{"rendered":"https:\/\/nvnoticias.mx\/?p=69502"},"modified":"2022-08-12T10:46:44","modified_gmt":"2022-08-12T15:46:44","slug":"respalda-gobierno-de-veracruz-que-sedena-se-haga-cargo-de-la-guardia-nacional","status":"publish","type":"post","link":"https:\/\/nvnoticias.mx\/index.php\/2022\/08\/12\/respalda-gobierno-de-veracruz-que-sedena-se-haga-cargo-de-la-guardia-nacional\/","title":{"rendered":"Respalda Gobierno de Veracruz que Sedena se haga cargo de la Guardia Nacional"},"content":{"rendered":"\n<p><strong>Jes\u00fas Utrilla \/ NV Noticias<\/strong><\/p>\n\n\n\n<p>El gobernador de Veracruz Cuitl\u00e1huac Garc\u00eda Jim\u00e9nez respald\u00f3 que la Secretar\u00eda de la Defensa Nacional asuma el mando de la Guardia Nacional.&nbsp;<\/p>\n\n\n\n<p>Dijo que en ocasiones las fuerzas estatales pueden verse rebasadas y se requiere de un mando concentrado en las fuerzas federales.<\/p>\n\n\n\n<p>A su parecer de esta manera habr\u00e1 m\u00e1s efectividad en las labores en materia de seguridad.<\/p>\n\n\n\n<blockquote class=\"wp-block-quote is-layout-flow wp-block-quote-is-layout-flow\"><p>\u201c<em>Necesitamos de la Guardia Nacional. De un instrumento legal y formal para que Sedena apoye a las fuerzas estatales cuando se dan situaciones al interior de un centro penitenciario y al exterior. Aqu\u00ed en Veracruz agradecemos a la Secretar\u00eda de Seguridad P\u00fablica que siempre hemos tenido coordinaci\u00f3n para atender estas situaciones<\/em>\u201d.\u00a0<\/p><\/blockquote>\n\n\n\n<p>Al acudir a la XXV Asamblea Plenaria de la Conferencia Nacional del Sistema Penitenciario, coment\u00f3 que se le debe seguir apostando a la reinserci\u00f3n de las personas privadas de su libertad, pero tambi\u00e9n buscar el mejor mecanismo ante la situaci\u00f3n siempre apegado a los derechos humanos.<\/p>\n\n\n\n<blockquote class=\"wp-block-quote is-layout-flow wp-block-quote-is-layout-flow\"><p>\u201c<em>Debe haber plena coordinaci\u00f3n entre las fuerzas de seguridad para garantizar la paz y tranquilidad<\/em>\u201d.\u00a0<\/p><\/blockquote>\n\n\n\n<p>Puntualiz\u00f3 que un mando concentrado en las fuerzas federales permitir\u00e1 dar efectividad a atenciones de emergencia en temas de seguridad.<\/p>\n","protected":false},"excerpt":{"rendered":"<p>Jes\u00fas Utrilla \/ NV Noticias El gobernador de Veracruz Cuitl\u00e1huac Garc\u00eda Jim\u00e9nez respald\u00f3 que la Secretar\u00eda de la Defensa Nacional asuma el mando de la Guardia Nacional.&nbsp; Dijo que en ocasiones las fuerzas estatales pueden verse rebasadas y se requiere de un mando concentrado en las fuerzas federales. A su parecer de esta manera habr\u00e1 [&hellip;]<\/p>\n","protected":false},"author":8,"featured_media":69505,"comment_status":"open","ping_status":"open","sticky":false,"template":"","format":"standard","meta":{"_monsterinsights_skip_tracking":false,"_monsterinsights_sitenote_active":false,"_monsterinsights_sitenote_note":"","_monsterinsights_sitenote_category":0,"footnotes":""},"categories":[154],"tags":[965,450,162,617,180],"class_list":["post-69502","post","type-post","status-publish","format-standard","has-post-thumbnail","hentry","category-veracruz","tag-cuitlahuac-garcia-jimenez","tag-guardia-nacional","tag-portada","tag-sedena","tag-veracruz","wp-image-borders"],"amp_enabled":true,"_links":{"self":[{"href":"https:\/\/nvnoticias.mx\/index.php\/wp-json\/wp\/v2\/posts\/69502","targetHints":{"allow":["GET"]}}],"collection":[{"href":"https:\/\/nvnoticias.mx\/index.php\/wp-json\/wp\/v2\/posts"}],"about":[{"href":"https:\/\/nvnoticias.mx\/index.php\/wp-json\/wp\/v2\/types\/post"}],"author":[{"embeddable":true,"href":"https:\/\/nvnoticias.mx\/index.php\/wp-json\/wp\/v2\/users\/8"}],"replies":[{"embeddable":true,"href":"https:\/\/nvnoticias.mx\/index.php\/wp-json\/wp\/v2\/comments?post=69502"}],"version-history":[{"count":1,"href":"https:\/\/nvnoticias.mx\/index.php\/wp-json\/wp\/v2\/posts\/69502\/revisions"}],"predecessor-version":[{"id":69506,"href":"https:\/\/nvnoticias.mx\/index.php\/wp-json\/wp\/v2\/posts\/69502\/revisions\/69506"}],"wp:featuredmedia":[{"embeddable":true,"href":"https:\/\/nvnoticias.mx\/index.php\/wp-json\/wp\/v2\/media\/69505"}],"wp:attachment":[{"href":"https:\/\/nvnoticias.mx\/index.php\/wp-json\/wp\/v2\/media?parent=69502"}],"wp:term":[{"taxonomy":"category","embeddable":true,"href":"https:\/\/nvnoticias.mx\/index.php\/wp-json\/wp\/v2\/categories?post=69502"},{"taxonomy":"post_tag","embeddable":true,"href":"https:\/\/nvnoticias.mx\/index.php\/wp-json\/wp\/v2\/tags?post=69502"}],"curies":[{"name":"wp","href":"https:\/\/api.w.org\/{rel}","templated":true}]}}