{"id":69499,"date":"2022-08-12T10:41:06","date_gmt":"2022-08-12T15:41:06","guid":{"rendered":"https:\/\/nvnoticias.mx\/?p=69499"},"modified":"2022-08-12T10:41:07","modified_gmt":"2022-08-12T15:41:07","slug":"las-trombas-y-lluvias-no-afectaron-al-estado-de-veracruz","status":"publish","type":"post","link":"https:\/\/nvnoticias.mx\/index.php\/2022\/08\/12\/las-trombas-y-lluvias-no-afectaron-al-estado-de-veracruz\/","title":{"rendered":"Las trombas y lluvias no afectaron al estado de Veracruz"},"content":{"rendered":"\n<p><strong>Jes\u00fas Utrilla \/ NV Noticias<\/strong><\/p>\n\n\n\n<p>La tromba que se suscit\u00f3 en el municipio de Veracruz no caus\u00f3 lesiones entre los ba\u00f1istas y palaperos, solo da\u00f1os materiales , se\u00f1al\u00f3 Guadalupe Osorno Maldonado, secretaria de Protecci\u00f3n Civil estatal.&nbsp;<\/p>\n\n\n\n<p>En el caso de Coatzacoalcos el fen\u00f3meno se dio en el mar por lo que no hubo impacto alguno.<\/p>\n\n\n\n<blockquote class=\"wp-block-quote is-layout-flow wp-block-quote-is-layout-flow\"><p>\u201c<em>Nosotros no tenemos reporte de personas lesionadas, tenemos saldo blanco pero de cualquier manera estaremos al pendiente<\/em>\u201d.\u00a0<\/p><\/blockquote>\n\n\n\n<p>Por otro lado la funcionaria estatal coment\u00f3 que cerr\u00f3 el aviso especial por el temporal lluvioso en la entidad.<\/p>\n\n\n\n<p>En la semana hubo precipitaciones&nbsp;&nbsp;importantes pero no hubo afectaciones.<\/p>\n\n\n\n<p>Pese a ello se mlnitorea el Rio Uxpanapa porque reporta crecida.<\/p>\n\n\n\n<blockquote class=\"wp-block-quote is-layout-flow wp-block-quote-is-layout-flow\"><p>\u201c<em>Parece que ya se estacion\u00f3 pero se sigue monitoreando<\/em>\u201d.\u00a0<\/p><\/blockquote>\n\n\n\n<p>Por otro lado mencion\u00f3 que se mantiene el operativo vacacional en coordinaci\u00f3n con diversas instancias.&nbsp;<\/p>\n","protected":false},"excerpt":{"rendered":"<p>Jes\u00fas Utrilla \/ NV Noticias La tromba que se suscit\u00f3 en el municipio de Veracruz no caus\u00f3 lesiones entre los ba\u00f1istas y palaperos, solo da\u00f1os materiales , se\u00f1al\u00f3 Guadalupe Osorno Maldonado, secretaria de Protecci\u00f3n Civil estatal.&nbsp; En el caso de Coatzacoalcos el fen\u00f3meno se dio en el mar por lo que no hubo impacto alguno. [&hellip;]<\/p>\n","protected":false},"author":8,"featured_media":69500,"comment_status":"open","ping_status":"open","sticky":false,"template":"","format":"standard","meta":{"_monsterinsights_skip_tracking":false,"_monsterinsights_sitenote_active":false,"_monsterinsights_sitenote_note":"","_monsterinsights_sitenote_category":0,"footnotes":""},"categories":[154],"tags":[329,2257,6052,180],"class_list":["post-69499","post","type-post","status-publish","format-standard","has-post-thumbnail","hentry","category-veracruz","tag-lluvia","tag-proteccion-civil","tag-tromba","tag-veracruz","wp-image-borders"],"amp_enabled":true,"_links":{"self":[{"href":"https:\/\/nvnoticias.mx\/index.php\/wp-json\/wp\/v2\/posts\/69499","targetHints":{"allow":["GET"]}}],"collection":[{"href":"https:\/\/nvnoticias.mx\/index.php\/wp-json\/wp\/v2\/posts"}],"about":[{"href":"https:\/\/nvnoticias.mx\/index.php\/wp-json\/wp\/v2\/types\/post"}],"author":[{"embeddable":true,"href":"https:\/\/nvnoticias.mx\/index.php\/wp-json\/wp\/v2\/users\/8"}],"replies":[{"embeddable":true,"href":"https:\/\/nvnoticias.mx\/index.php\/wp-json\/wp\/v2\/comments?post=69499"}],"version-history":[{"count":1,"href":"https:\/\/nvnoticias.mx\/index.php\/wp-json\/wp\/v2\/posts\/69499\/revisions"}],"predecessor-version":[{"id":69501,"href":"https:\/\/nvnoticias.mx\/index.php\/wp-json\/wp\/v2\/posts\/69499\/revisions\/69501"}],"wp:featuredmedia":[{"embeddable":true,"href":"https:\/\/nvnoticias.mx\/index.php\/wp-json\/wp\/v2\/media\/69500"}],"wp:attachment":[{"href":"https:\/\/nvnoticias.mx\/index.php\/wp-json\/wp\/v2\/media?parent=69499"}],"wp:term":[{"taxonomy":"category","embeddable":true,"href":"https:\/\/nvnoticias.mx\/index.php\/wp-json\/wp\/v2\/categories?post=69499"},{"taxonomy":"post_tag","embeddable":true,"href":"https:\/\/nvnoticias.mx\/index.php\/wp-json\/wp\/v2\/tags?post=69499"}],"curies":[{"name":"wp","href":"https:\/\/api.w.org\/{rel}","templated":true}]}}