{"id":69476,"date":"2022-08-12T09:46:40","date_gmt":"2022-08-12T14:46:40","guid":{"rendered":"https:\/\/nvnoticias.mx\/?p=69476"},"modified":"2022-08-12T09:46:42","modified_gmt":"2022-08-12T14:46:42","slug":"inscriben-a-mineros-al-imss-tras-derrumbe-en-coahuila","status":"publish","type":"post","link":"https:\/\/nvnoticias.mx\/index.php\/2022\/08\/12\/inscriben-a-mineros-al-imss-tras-derrumbe-en-coahuila\/","title":{"rendered":"Inscriben a mineros al IMSS tras derrumbe en Coahuila"},"content":{"rendered":"\n<p>Los\u00a0trabajadores de la mina \u2018El Pinabete\u2019, en\u00a0<strong>Coahuila<\/strong>, fueron inscritos al Seguro Social luego de que ocurriera el derrumbe que los dej\u00f3 atrapados, apunt\u00f3 este viernes el\u00a0<strong>presidente Andr\u00e9s Manuel L\u00f3pez Obrador.<\/strong><\/p>\n\n\n\n<blockquote class=\"wp-block-quote is-layout-flow wp-block-quote-is-layout-flow\"><p>\u201cDe manera muy extra\u00f1a, seg\u00fan el informe que me presentaron, una vez que sucedi\u00f3 el accidente fueron a inscribir a los trabajadores al seguro social. Seguramente, si es cierto,\u00a0<strong>es un plan con ma\u00f1a para castigar al que aparece inscribiendo a los trabajadores en el Seguro<\/strong>, y no a los concesionarios de la mina\u201d, apunt\u00f3 el mandatario federal en su conferencia matutina.<\/p><\/blockquote>\n\n\n\n<p>Destac\u00f3 que en la regi\u00f3n de Coahuila ha habido siempre mucha corrupci\u00f3n en lo relacionado con las minas. Adem\u00e1s, explic\u00f3 que si bien esta mina contaba con concesi\u00f3n, era explotada de manera clandestina sin dar aviso a autoridades y por ello no hab\u00eda revisiones en el lugar.<\/p>\n\n\n\n<blockquote class=\"wp-block-quote is-layout-flow wp-block-quote-is-layout-flow\"><p>\u201cEn el caso de esta mina,<strong>\u00a0los trabajadores no est\u00e1n sindicalizados porque no permiten que el trabajador se proteja<\/strong>\u00a0con un sindicato, son muchos intereses los que est\u00e1n de por medio. Nosotros vamos a actuar, le hemos estado pidiendo a la Fiscal\u00eda que act\u00fae con rigor, que no haya impunidad, pero lo que m\u00e1s nos importa es el rescate\u201d, afirm\u00f3.<\/p><\/blockquote>\n\n\n\n<p>Luego de que se diera a conocer el jueves que la<strong>\u00a0Fiscal\u00eda General de la Rep\u00fablica<\/strong>\u00a0(FGR) present\u00f3 una solicitud de audiencia judicial ante el Centro de Justicia Penal Federal en el estado de Coahuila,\u00a0para imputar a\u00a0<strong>Cristian S,<\/strong>\u00a0quien presuntamente ser\u00eda el due\u00f1o de la mina.<\/p>\n\n\n\n<p>Se le acusa por su probable participaci\u00f3n en la comisi\u00f3n de los siguientes hechos delictivos:\u00a0<strong>explotaci\u00f3n il\u00edcita del subsuelo\u00a0<\/strong>a trav\u00e9s de la mina conocida como\u00a0<strong>El Pinabete<\/strong>; incumplimiento de las obligaciones que la ley especifica a quienes realizan este tipo de actividades y por ser responsable de la direcci\u00f3n y administraci\u00f3n del lugar.<\/p>\n\n\n\n<p>Al respecto, L\u00f3pez Obrador puso la identidad de esta persona.<\/p>\n\n\n\n<blockquote class=\"wp-block-quote is-layout-flow wp-block-quote-is-layout-flow\"><p>\u201cEs probable que sea lo que estoy aqu\u00ed sosteniendo, que<strong>\u00a0a \u00e9l lo hayan utilizado para inscribir a los trabajadores al seguro, a lo mejor ese es el antecedente que est\u00e1n utilizando<\/strong>, pero para eso son estos di\u00e1logos circulares\u201d, indic\u00f3.<\/p><\/blockquote>\n\n\n\n<p>Luego de que un reportero se\u00f1alara que esta persona ser\u00e1 vinculada a proceso por la Fiscal\u00eda, AMLO reiter\u00f3 que eso no cierra la investigaci\u00f3n sobre el derrumbe en la mina.<\/p>\n\n\n\n<blockquote class=\"wp-block-quote is-layout-flow wp-block-quote-is-layout-flow\"><p>\u201cY no hay impunidad para nadie. Y puede ser que quieran hacer, que quieran maniobrar de esa forma, pero ya aqu\u00ed lo est\u00e1s denunciando. Yo coincido contigo.<strong>\u00a0La gente all\u00e1 sabe bien qu\u00e9 pasa, qu\u00e9 sucede, qui\u00e9nes son los que est\u00e1n detr\u00e1s de todos estos asuntos irregulares<\/strong>, todas estas minas que se explotan de manera clandestina (&#8230;) Hay que investigar bien, pero ahora el rescate\u201d, puntualiz\u00f3.<\/p><\/blockquote>\n\n\n\n<p>Fuente: <a href=\"https:\/\/www.elfinanciero.com.mx\/nacional\/2022\/08\/12\/mineros-fueron-inscritos-al-imss-tras-derrumbe-en-coahuila-es-plan-con-mana-dice-amlo\/\" data-type=\"URL\" data-id=\"https:\/\/www.elfinanciero.com.mx\/nacional\/2022\/08\/12\/mineros-fueron-inscritos-al-imss-tras-derrumbe-en-coahuila-es-plan-con-mana-dice-amlo\/\">El Financiero<\/a><\/p>\n","protected":false},"excerpt":{"rendered":"<p>Los\u00a0trabajadores de la mina \u2018El Pinabete\u2019, en\u00a0Coahuila, fueron inscritos al Seguro Social luego de que ocurriera el derrumbe que los dej\u00f3 atrapados, apunt\u00f3 este viernes el\u00a0presidente Andr\u00e9s Manuel L\u00f3pez Obrador. \u201cDe manera muy extra\u00f1a, seg\u00fan el informe que me presentaron, una vez que sucedi\u00f3 el accidente fueron a inscribir a los trabajadores al seguro social. [&hellip;]<\/p>\n","protected":false},"author":35,"featured_media":69233,"comment_status":"open","ping_status":"open","sticky":false,"template":"","format":"standard","meta":{"_monsterinsights_skip_tracking":false,"_monsterinsights_sitenote_active":false,"_monsterinsights_sitenote_note":"","_monsterinsights_sitenote_category":0,"footnotes":""},"categories":[157],"tags":[2337,4205,365,18252,162],"class_list":["post-69476","post","type-post","status-publish","format-standard","has-post-thumbnail","hentry","category-nacional","tag-coahuila","tag-derrumbe","tag-imss","tag-inscriben","tag-portada","wp-image-borders"],"amp_enabled":true,"_links":{"self":[{"href":"https:\/\/nvnoticias.mx\/index.php\/wp-json\/wp\/v2\/posts\/69476","targetHints":{"allow":["GET"]}}],"collection":[{"href":"https:\/\/nvnoticias.mx\/index.php\/wp-json\/wp\/v2\/posts"}],"about":[{"href":"https:\/\/nvnoticias.mx\/index.php\/wp-json\/wp\/v2\/types\/post"}],"author":[{"embeddable":true,"href":"https:\/\/nvnoticias.mx\/index.php\/wp-json\/wp\/v2\/users\/35"}],"replies":[{"embeddable":true,"href":"https:\/\/nvnoticias.mx\/index.php\/wp-json\/wp\/v2\/comments?post=69476"}],"version-history":[{"count":1,"href":"https:\/\/nvnoticias.mx\/index.php\/wp-json\/wp\/v2\/posts\/69476\/revisions"}],"predecessor-version":[{"id":69477,"href":"https:\/\/nvnoticias.mx\/index.php\/wp-json\/wp\/v2\/posts\/69476\/revisions\/69477"}],"wp:featuredmedia":[{"embeddable":true,"href":"https:\/\/nvnoticias.mx\/index.php\/wp-json\/wp\/v2\/media\/69233"}],"wp:attachment":[{"href":"https:\/\/nvnoticias.mx\/index.php\/wp-json\/wp\/v2\/media?parent=69476"}],"wp:term":[{"taxonomy":"category","embeddable":true,"href":"https:\/\/nvnoticias.mx\/index.php\/wp-json\/wp\/v2\/categories?post=69476"},{"taxonomy":"post_tag","embeddable":true,"href":"https:\/\/nvnoticias.mx\/index.php\/wp-json\/wp\/v2\/tags?post=69476"}],"curies":[{"name":"wp","href":"https:\/\/api.w.org\/{rel}","templated":true}]}}