{"id":69433,"date":"2022-08-11T17:14:10","date_gmt":"2022-08-11T22:14:10","guid":{"rendered":"https:\/\/nvnoticias.mx\/?p=69433"},"modified":"2022-08-11T17:14:10","modified_gmt":"2022-08-11T22:14:10","slug":"toman-maniobristas-el-sat-de-boca-del-rio","status":"publish","type":"post","link":"https:\/\/nvnoticias.mx\/index.php\/2022\/08\/11\/toman-maniobristas-el-sat-de-boca-del-rio\/","title":{"rendered":"Toman maniobristas el SAT de Boca Del R\u00edo"},"content":{"rendered":"\n<p><strong>Jes\u00fas Utrilla \/ NV Noticias<\/strong><\/p>\n\n\n\n<p>Los extrabajadores portuarios tomaron las instalaciones del Servicio de Administraci\u00f3n Tributaria (SAT) del municipio de Boca del R\u00edo.<\/p>\n\n\n\n<p>Aunque el inmueble no les pertenece, Alejandro Pulido Cueto, apoderado legal de los exportuarios, dijo que ante la urgencia de una respuesta endurecer\u00e1n sus protestas, extendiendo los bloqueos a las oficinas del Servicio de Administraci\u00f3n Tributaria del municipio vecino.<\/p>\n\n\n\n<p>Cabe mencionar que la toma de oficinas en Veracruz obedece a que argumentan que dicho inmueble le pertenece a los sindicatos que antes de la requisa de 1991 laboraban en el recinto portuario.<\/p>\n\n\n\n<p>Y aunque la torre de Boca del R\u00edo no est\u00e1 relacionada con el tema buscan presionar.<\/p>\n\n\n\n<blockquote class=\"wp-block-quote is-layout-flow wp-block-quote-is-layout-flow\"><p>\u201c<em>No tenemos respuesta de Hacienda y cerramos la torre del SAT en Boca del R\u00edo para que nos contesten. Queremos concluir esto de una vez por todas. Yo pido disculpas y espero la comprensi\u00f3n de la ciudadan\u00eda porque no queremos afectarlos pero necesitamos una respuesta<\/em>\u201d.<\/p><\/blockquote>\n\n\n\n<p>Cabe mencionar que los usuarios del SAT durante tres d\u00edas no han podido efectuar tr\u00e1mites en las oficinas de la ciudad de Veracruz.<\/p>\n","protected":false},"excerpt":{"rendered":"<p>Jes\u00fas Utrilla \/ NV Noticias Los extrabajadores portuarios tomaron las instalaciones del Servicio de Administraci\u00f3n Tributaria (SAT) del municipio de Boca del R\u00edo. Aunque el inmueble no les pertenece, Alejandro Pulido Cueto, apoderado legal de los exportuarios, dijo que ante la urgencia de una respuesta endurecer\u00e1n sus protestas, extendiendo los bloqueos a las oficinas del [&hellip;]<\/p>\n","protected":false},"author":8,"featured_media":69434,"comment_status":"open","ping_status":"open","sticky":false,"template":"","format":"standard","meta":{"_monsterinsights_skip_tracking":false,"_monsterinsights_sitenote_active":false,"_monsterinsights_sitenote_note":"","_monsterinsights_sitenote_category":0,"footnotes":""},"categories":[154],"tags":[18189,18247],"class_list":["post-69433","post","type-post","status-publish","format-standard","has-post-thumbnail","hentry","category-veracruz","tag-maniobristas","tag-sat-boca-del-rio","wp-image-borders"],"amp_enabled":true,"_links":{"self":[{"href":"https:\/\/nvnoticias.mx\/index.php\/wp-json\/wp\/v2\/posts\/69433","targetHints":{"allow":["GET"]}}],"collection":[{"href":"https:\/\/nvnoticias.mx\/index.php\/wp-json\/wp\/v2\/posts"}],"about":[{"href":"https:\/\/nvnoticias.mx\/index.php\/wp-json\/wp\/v2\/types\/post"}],"author":[{"embeddable":true,"href":"https:\/\/nvnoticias.mx\/index.php\/wp-json\/wp\/v2\/users\/8"}],"replies":[{"embeddable":true,"href":"https:\/\/nvnoticias.mx\/index.php\/wp-json\/wp\/v2\/comments?post=69433"}],"version-history":[{"count":1,"href":"https:\/\/nvnoticias.mx\/index.php\/wp-json\/wp\/v2\/posts\/69433\/revisions"}],"predecessor-version":[{"id":69435,"href":"https:\/\/nvnoticias.mx\/index.php\/wp-json\/wp\/v2\/posts\/69433\/revisions\/69435"}],"wp:featuredmedia":[{"embeddable":true,"href":"https:\/\/nvnoticias.mx\/index.php\/wp-json\/wp\/v2\/media\/69434"}],"wp:attachment":[{"href":"https:\/\/nvnoticias.mx\/index.php\/wp-json\/wp\/v2\/media?parent=69433"}],"wp:term":[{"taxonomy":"category","embeddable":true,"href":"https:\/\/nvnoticias.mx\/index.php\/wp-json\/wp\/v2\/categories?post=69433"},{"taxonomy":"post_tag","embeddable":true,"href":"https:\/\/nvnoticias.mx\/index.php\/wp-json\/wp\/v2\/tags?post=69433"}],"curies":[{"name":"wp","href":"https:\/\/api.w.org\/{rel}","templated":true}]}}