{"id":69419,"date":"2022-08-11T15:14:57","date_gmt":"2022-08-11T20:14:57","guid":{"rendered":"https:\/\/nvnoticias.mx\/?p=69419"},"modified":"2022-08-11T15:14:59","modified_gmt":"2022-08-11T20:14:59","slug":"inequidad-en-distribucion-de-riqueza-un-obstaculo-para-la-igualdad-monreal","status":"publish","type":"post","link":"https:\/\/nvnoticias.mx\/index.php\/2022\/08\/11\/inequidad-en-distribucion-de-riqueza-un-obstaculo-para-la-igualdad-monreal\/","title":{"rendered":"Inequidad en distribuci\u00f3n de riqueza, un obst\u00e1culo para la igualdad: Monreal"},"content":{"rendered":"\n<p>Ricardo Monreal, coordinador de Morena en el Senado, se pronunci\u00f3 por una reforma fiscal que grave la acumulaci\u00f3n del capital en manos del uno por ciento m\u00e1s acaudalado del pa\u00eds, a fin de lograr una aut\u00e9ntica redistribuci\u00f3n de la riqueza y reducir la inmensa brecha entre personas adineradas y en situaci\u00f3n de pobreza. <\/p>\n\n\n\n<p>En un art\u00edculo que public\u00f3 en su p\u00e1gina oficial, se\u00f1al\u00f3 que la pregunta sobre si es posible acabar con la pobreza no se responde con simples discursos ni con mediciones, sino con inversi\u00f3n para el desarrollo de las comunidades menos favorecidas, y con un sistema tributario redistributivo que no tema recaudar en la c\u00faspide de la pir\u00e1mide econ\u00f3mica. <\/p>\n\n\n\n<p>Indic\u00f3 que las promesas del presidente Andr\u00e9s Manuel L\u00f3pez Obrador de no crear nuevos impuestos, no aumentar los ya existentes y no contraer nueva deuda fueron excelentes para demostrar que la recaudaci\u00f3n puede aumentar considerablemente con el fortalecimiento del Estado de derecho. <\/p>\n\n\n\n<blockquote class=\"wp-block-quote is-layout-flow wp-block-quote-is-layout-flow\"><p>\u201cPero para lograr una aut\u00e9ntica redistribuci\u00f3n de la riqueza, que aspire a reducir la inmensa brecha entre personas adineradas y en situaci\u00f3n de pobreza -acot\u00f3-, se necesita formular una reforma fiscal que grave la acumulaci\u00f3n del capital en manos del uno por ciento m\u00e1s acaudalado\u201d se\u00f1al\u00f3 el coordinador.<\/p><\/blockquote>\n\n\n\n<p> En este texto, el senador se refiere a la reforma fiscal que propuso el nuevo presidente de Colombia, Gustavo Petro, cuyos ejes son la progresividad, equidad, eficiencia y suficiencia, acordes con los cambios realizados en M\u00e9xico.<\/p>\n\n\n\n<blockquote class=\"wp-block-quote is-layout-flow wp-block-quote-is-layout-flow\"><p> \u201cLa pobreza es una realidad que lacera, que lastima y que indigna. Es una situaci\u00f3n que implica falta de recursos para satisfacer necesidades b\u00e1sicas, y la exclusi\u00f3n del acceso a derechos humanos como salud, educaci\u00f3n y alimentaci\u00f3n saludable, o servicios como agua potable y drenaje\u201d, expres\u00f3. <\/p><\/blockquote>\n\n\n\n<p>En el cap\u00edtulo sobre la reforma fiscal que plante\u00f3 como parte de su Proyecto de Naci\u00f3n, el senador dijo que es una obviedad decir que el pa\u00eds necesita avanzar, pero argumento se debe buscar coordenadas, es decir, una gu\u00eda para encontrar el camino hacia el desarrollo, para darle contenido a los reclamos sociales de una mejor calidad de vida, \u201ccon seguridad, con certeza, con esperanza\u201d. <\/p>\n\n\n\n<blockquote class=\"wp-block-quote is-layout-flow wp-block-quote-is-layout-flow\"><p>\u201cNo hay forma de respaldar la pol\u00edtica social y la construcci\u00f3n infraestructura, si no hay nuevos ingresos, sobre todo ahora que los programas sociales se elevaron a rango constitucional\u201d afirm\u00f3 Monreal. <\/p><\/blockquote>\n\n\n\n<p>Consider\u00f3 que, adem\u00e1s del combate a la pobreza se requiere expandir a la clase media, para poder consolidar un Estado de bienestar para todos los sectores sociales. Pero, advirti\u00f3 que, el marco fiscal mexicano \u201ctiene muchos parches, inequidades y lagunas\u201d, lo que provocan la elusi\u00f3n fiscal y, en algunos casos, la evasi\u00f3n fiscal. <\/p>\n\n\n\n<p>Tambi\u00e9n enfatiz\u00f3 que para solucionar este problema no se tiene que caer en el \u201cterrorismo fiscal\u201d, pues en gran medida esta situaci\u00f3n es consecuencia de leyes fiscales desequilibradas que impiden una adecuada fiscalizaci\u00f3n y aplicaci\u00f3n de la norma. <\/p>\n\n\n\n<p>El incremento en la recaudaci\u00f3n asent\u00f3, \u00fanicamente ser\u00e1 productivo si se revisa el gasto p\u00fablico, con la finalidad de proveer mejores servicios p\u00fablicos a la poblaci\u00f3n, m\u00e1s agua y mejores sistemas de riego para los campesinos, carreteras, v\u00edas ferroviarias, aeropuertos, puertos o sistemas de comunicaci\u00f3n en general. <\/p>\n\n\n\n<p>Ricardo Monreal tambi\u00e9n se pronunci\u00f3 por mantener los programas sociales para los m\u00e1s necesitados &#8211; adultos mayores, madres solteras y personas con alguna discapacidad -. La inequidad en la distribuci\u00f3n de la riqueza dijo, es el principal obst\u00e1culo para alcanzar la igualdad de derechos y oportunidades, pero, a pesar de que es claro que en M\u00e9xico los recursos son insuficientes, hasta el momento no se ha puesto en marcha una reforma fiscal de fondo, que permita establecer una plataforma de bienestar para todos. <\/p>\n\n\n\n<p>Fuente: <a href=\"https:\/\/www.milenio.com\/politica\/monreal-critica-la-inequidad-en-distribucion-de-la-riqueza\" data-type=\"URL\" data-id=\"https:\/\/www.milenio.com\/politica\/monreal-critica-la-inequidad-en-distribucion-de-la-riqueza\">Milenio<\/a><\/p>\n\n\n\n<p><\/p>\n","protected":false},"excerpt":{"rendered":"<p>Ricardo Monreal, coordinador de Morena en el Senado, se pronunci\u00f3 por una reforma fiscal que grave la acumulaci\u00f3n del capital en manos del uno por ciento m\u00e1s acaudalado del pa\u00eds, a fin de lograr una aut\u00e9ntica redistribuci\u00f3n de la riqueza y reducir la inmensa brecha entre personas adineradas y en situaci\u00f3n de pobreza. En un [&hellip;]<\/p>\n","protected":false},"author":35,"featured_media":3990,"comment_status":"open","ping_status":"open","sticky":false,"template":"","format":"standard","meta":{"_monsterinsights_skip_tracking":false,"_monsterinsights_sitenote_active":false,"_monsterinsights_sitenote_note":"","_monsterinsights_sitenote_category":0,"footnotes":""},"categories":[157],"tags":[8878,6981,15877,600,12076],"class_list":["post-69419","post","type-post","status-publish","format-standard","has-post-thumbnail","hentry","category-nacional","tag-distribucion","tag-igualdad","tag-inequidad","tag-ricardo-monreal","tag-riqueza","wp-image-borders"],"amp_enabled":true,"_links":{"self":[{"href":"https:\/\/nvnoticias.mx\/index.php\/wp-json\/wp\/v2\/posts\/69419","targetHints":{"allow":["GET"]}}],"collection":[{"href":"https:\/\/nvnoticias.mx\/index.php\/wp-json\/wp\/v2\/posts"}],"about":[{"href":"https:\/\/nvnoticias.mx\/index.php\/wp-json\/wp\/v2\/types\/post"}],"author":[{"embeddable":true,"href":"https:\/\/nvnoticias.mx\/index.php\/wp-json\/wp\/v2\/users\/35"}],"replies":[{"embeddable":true,"href":"https:\/\/nvnoticias.mx\/index.php\/wp-json\/wp\/v2\/comments?post=69419"}],"version-history":[{"count":1,"href":"https:\/\/nvnoticias.mx\/index.php\/wp-json\/wp\/v2\/posts\/69419\/revisions"}],"predecessor-version":[{"id":69420,"href":"https:\/\/nvnoticias.mx\/index.php\/wp-json\/wp\/v2\/posts\/69419\/revisions\/69420"}],"wp:featuredmedia":[{"embeddable":true,"href":"https:\/\/nvnoticias.mx\/index.php\/wp-json\/wp\/v2\/media\/3990"}],"wp:attachment":[{"href":"https:\/\/nvnoticias.mx\/index.php\/wp-json\/wp\/v2\/media?parent=69419"}],"wp:term":[{"taxonomy":"category","embeddable":true,"href":"https:\/\/nvnoticias.mx\/index.php\/wp-json\/wp\/v2\/categories?post=69419"},{"taxonomy":"post_tag","embeddable":true,"href":"https:\/\/nvnoticias.mx\/index.php\/wp-json\/wp\/v2\/tags?post=69419"}],"curies":[{"name":"wp","href":"https:\/\/api.w.org\/{rel}","templated":true}]}}