{"id":69290,"date":"2022-08-10T19:27:06","date_gmt":"2022-08-11T00:27:06","guid":{"rendered":"https:\/\/nvnoticias.mx\/?p=69290"},"modified":"2022-08-10T19:27:06","modified_gmt":"2022-08-11T00:27:06","slug":"reconoce-cen-del-pan-a-enrique-cambranis-como-coordinador-de-bancada-en-el-congreso-de-veracruz","status":"publish","type":"post","link":"https:\/\/nvnoticias.mx\/index.php\/2022\/08\/10\/reconoce-cen-del-pan-a-enrique-cambranis-como-coordinador-de-bancada-en-el-congreso-de-veracruz\/","title":{"rendered":"Reconoce CEN del PAN a Enrique Cambranis como Coordinador de Bancada en el Congreso de Veracruz"},"content":{"rendered":"\n<p>Xalapa, Ver., 10 de agosto de 2022.- El Comit\u00e9 Ejecutivo Nacional del PAN reconoci\u00f3 al diputado Enrique Cambranis Torres como Coordinador de su bancada en el Congreso del Estado de Veracruz.<\/p>\n\n\n\n<blockquote class=\"wp-block-quote is-layout-flow wp-block-quote-is-layout-flow\"><p>\u201c<em>Para nosotros no hay nada que dirimir porque tenemos un Coordinador que se llama Enrique Cambranis, esa es la realidad y esa la que nosotros como dirigencia nacional reconocemos porque, adem\u00e1s, es muy clara la Constituci\u00f3n local, esa es una facultad del partido. Est\u00e1 muy claro<\/em>\u201d, expres\u00f3 la secretaria General de Acci\u00f3n Nacional, Cecilia Patr\u00f3n Laviada.<\/p><\/blockquote>\n\n\n\n<p>Durante la Gira Nacional de Consulta 2022, dijo que desde el CEN har\u00e1n un llamado a todos los diputados a sumarse a la nueva Coordinaci\u00f3n de Bancada, as\u00ed como a la JUCOPO, pues es quien tiene la responsabilidad de ver que la ley se cumpla.<\/p>\n\n\n\n<p>Sobre este tema, el dirigente estatal, Federico Salom\u00f3n Molina, mencion\u00f3 que los partidos pol\u00edticos tienen propia determinaci\u00f3n y que el Estatuto y Reglamento lo faculta para poder nombrar inmediatamente que tome protesta a los nuevos coordinadores, tanto de diputados locales como federales.<\/p>\n\n\n\n<blockquote class=\"wp-block-quote is-layout-flow wp-block-quote-is-layout-flow\"><p>\u201c<em>En este caso ejerc\u00ed esa potestad; pero la JUCOPO, con actitud tramposa y perversa, no lo reconoce<\/em>\u201d, argument\u00f3.<\/p><\/blockquote>\n\n\n\n<p>Con la Gira Nacional de Consulta 2022 la dirigencia est\u00e1 acercando al PAN a los ciudadanos y dando soluciones a sus problemas, ante la situaci\u00f3n cada vez m\u00e1s complicada en el pa\u00eds por el alza de precios de los productos de la canasta b\u00e1sica y el aumento de la inseguridad.<\/p>\n\n\n\n<p>Los foros que se llevan a cabo en todo el pa\u00eds son para escuchar a los ciudadanos sobre la Reforma de Estatutos y el Programa de Acci\u00f3n Pol\u00edtica, as\u00ed como para saber qu\u00e9 espera la gente de Acci\u00f3n Nacional como partido pol\u00edtico.<\/p>\n\n\n\n<p>En la conferencia de prensa estuvieron presentes por parte del CEN: los secretarios de Fortalecimiento Interno, Agust\u00edn Rodr\u00edguez; Formaci\u00f3n y Capacitaci\u00f3n, Margarita Mart\u00ednez Fischer, y el director de la Fundaci\u00f3n Rafael Preciado Hern\u00e1ndez, Julio Castillo; as\u00ed como los secretarios de las diferentes \u00e1reas del CDE Veracruz.<\/p>\n\n\n\n<figure class=\"wp-block-gallery columns-3 is-cropped wp-block-gallery-1 is-layout-flex wp-block-gallery-is-layout-flex\"><ul class=\"blocks-gallery-grid\"><li class=\"blocks-gallery-item\"><figure><img loading=\"lazy\" decoding=\"async\" width=\"1024\" height=\"682\" src=\"https:\/\/nvnoticias.mx\/wp-content\/uploads\/2022\/08\/WhatsApp-Image-2022-08-10-at-7.19.44-PM-1024x682.jpeg\" alt=\"\" data-id=\"69291\" data-link=\"https:\/\/nvnoticias.mx\/?attachment_id=69291\" class=\"wp-image-69291\" srcset=\"https:\/\/nvnoticias.mx\/wp-content\/uploads\/2022\/08\/WhatsApp-Image-2022-08-10-at-7.19.44-PM-1024x682.jpeg 1024w, https:\/\/nvnoticias.mx\/wp-content\/uploads\/2022\/08\/WhatsApp-Image-2022-08-10-at-7.19.44-PM-300x200.jpeg 300w, https:\/\/nvnoticias.mx\/wp-content\/uploads\/2022\/08\/WhatsApp-Image-2022-08-10-at-7.19.44-PM-768x512.jpeg 768w, https:\/\/nvnoticias.mx\/wp-content\/uploads\/2022\/08\/WhatsApp-Image-2022-08-10-at-7.19.44-PM.jpeg 1280w\" sizes=\"auto, (max-width: 1024px) 100vw, 1024px\" \/><\/figure><\/li><li class=\"blocks-gallery-item\"><figure><img loading=\"lazy\" decoding=\"async\" width=\"1024\" height=\"584\" src=\"https:\/\/nvnoticias.mx\/wp-content\/uploads\/2022\/08\/WhatsApp-Image-2022-08-10-at-7.19.54-PM-1024x584.jpeg\" alt=\"\" data-id=\"69292\" data-link=\"https:\/\/nvnoticias.mx\/?attachment_id=69292\" class=\"wp-image-69292\" srcset=\"https:\/\/nvnoticias.mx\/wp-content\/uploads\/2022\/08\/WhatsApp-Image-2022-08-10-at-7.19.54-PM-1024x584.jpeg 1024w, https:\/\/nvnoticias.mx\/wp-content\/uploads\/2022\/08\/WhatsApp-Image-2022-08-10-at-7.19.54-PM-300x171.jpeg 300w, https:\/\/nvnoticias.mx\/wp-content\/uploads\/2022\/08\/WhatsApp-Image-2022-08-10-at-7.19.54-PM-768x438.jpeg 768w, https:\/\/nvnoticias.mx\/wp-content\/uploads\/2022\/08\/WhatsApp-Image-2022-08-10-at-7.19.54-PM.jpeg 1280w\" sizes=\"auto, (max-width: 1024px) 100vw, 1024px\" \/><\/figure><\/li><li class=\"blocks-gallery-item\"><figure><img loading=\"lazy\" decoding=\"async\" width=\"1024\" height=\"682\" src=\"https:\/\/nvnoticias.mx\/wp-content\/uploads\/2022\/08\/WhatsApp-Image-2022-08-10-at-7.20.05-PM-1024x682.jpeg\" alt=\"\" data-id=\"69293\" data-full-url=\"https:\/\/nvnoticias.mx\/wp-content\/uploads\/2022\/08\/WhatsApp-Image-2022-08-10-at-7.20.05-PM.jpeg\" data-link=\"https:\/\/nvnoticias.mx\/?attachment_id=69293\" class=\"wp-image-69293\" srcset=\"https:\/\/nvnoticias.mx\/wp-content\/uploads\/2022\/08\/WhatsApp-Image-2022-08-10-at-7.20.05-PM-1024x682.jpeg 1024w, https:\/\/nvnoticias.mx\/wp-content\/uploads\/2022\/08\/WhatsApp-Image-2022-08-10-at-7.20.05-PM-300x200.jpeg 300w, https:\/\/nvnoticias.mx\/wp-content\/uploads\/2022\/08\/WhatsApp-Image-2022-08-10-at-7.20.05-PM-768x512.jpeg 768w, https:\/\/nvnoticias.mx\/wp-content\/uploads\/2022\/08\/WhatsApp-Image-2022-08-10-at-7.20.05-PM.jpeg 1280w\" sizes=\"auto, (max-width: 1024px) 100vw, 1024px\" \/><\/figure><\/li><\/ul><\/figure>\n","protected":false},"excerpt":{"rendered":"<p>Xalapa, Ver., 10 de agosto de 2022.- El Comit\u00e9 Ejecutivo Nacional del PAN reconoci\u00f3 al diputado Enrique Cambranis Torres como Coordinador de su bancada en el Congreso del Estado de Veracruz. \u201cPara nosotros no hay nada que dirimir porque tenemos un Coordinador que se llama Enrique Cambranis, esa es la realidad y esa la que [&hellip;]<\/p>\n","protected":false},"author":8,"featured_media":69294,"comment_status":"open","ping_status":"open","sticky":false,"template":"","format":"standard","meta":{"_monsterinsights_skip_tracking":false,"_monsterinsights_sitenote_active":false,"_monsterinsights_sitenote_note":"","_monsterinsights_sitenote_category":0,"footnotes":""},"categories":[158],"tags":[18220,17098],"class_list":["post-69290","post","type-post","status-publish","format-standard","has-post-thumbnail","hentry","category-politica","tag-enrique-cambranis","tag-pan-veracruz","wp-image-borders"],"amp_enabled":true,"_links":{"self":[{"href":"https:\/\/nvnoticias.mx\/index.php\/wp-json\/wp\/v2\/posts\/69290","targetHints":{"allow":["GET"]}}],"collection":[{"href":"https:\/\/nvnoticias.mx\/index.php\/wp-json\/wp\/v2\/posts"}],"about":[{"href":"https:\/\/nvnoticias.mx\/index.php\/wp-json\/wp\/v2\/types\/post"}],"author":[{"embeddable":true,"href":"https:\/\/nvnoticias.mx\/index.php\/wp-json\/wp\/v2\/users\/8"}],"replies":[{"embeddable":true,"href":"https:\/\/nvnoticias.mx\/index.php\/wp-json\/wp\/v2\/comments?post=69290"}],"version-history":[{"count":1,"href":"https:\/\/nvnoticias.mx\/index.php\/wp-json\/wp\/v2\/posts\/69290\/revisions"}],"predecessor-version":[{"id":69295,"href":"https:\/\/nvnoticias.mx\/index.php\/wp-json\/wp\/v2\/posts\/69290\/revisions\/69295"}],"wp:featuredmedia":[{"embeddable":true,"href":"https:\/\/nvnoticias.mx\/index.php\/wp-json\/wp\/v2\/media\/69294"}],"wp:attachment":[{"href":"https:\/\/nvnoticias.mx\/index.php\/wp-json\/wp\/v2\/media?parent=69290"}],"wp:term":[{"taxonomy":"category","embeddable":true,"href":"https:\/\/nvnoticias.mx\/index.php\/wp-json\/wp\/v2\/categories?post=69290"},{"taxonomy":"post_tag","embeddable":true,"href":"https:\/\/nvnoticias.mx\/index.php\/wp-json\/wp\/v2\/tags?post=69290"}],"curies":[{"name":"wp","href":"https:\/\/api.w.org\/{rel}","templated":true}]}}