{"id":69125,"date":"2022-08-10T10:50:07","date_gmt":"2022-08-10T15:50:07","guid":{"rendered":"https:\/\/nvnoticias.mx\/?p=69125"},"modified":"2022-08-10T10:50:09","modified_gmt":"2022-08-10T15:50:09","slug":"celebraran-cadenas-mexicanas-la-fiesta-del-cine-y-las-entradas-estaran-a-29-pesos","status":"publish","type":"post","link":"https:\/\/nvnoticias.mx\/index.php\/2022\/08\/10\/celebraran-cadenas-mexicanas-la-fiesta-del-cine-y-las-entradas-estaran-a-29-pesos\/","title":{"rendered":"Celebrar\u00e1n cadenas mexicanas &#8221; La Fiesta del Cine&#8221; y las entradas estar\u00e1n a 29 pesos"},"content":{"rendered":"\n<p>Han sido a\u00f1os complicados para la industria del cine en el mundo, particularmente en el sector de la exhibici\u00f3n. <\/p>\n\n\n\n<p>Salas cerradas por largos periodos a causa del covid y los efectos de la inflaci\u00f3n han sido los principales retos, pero este a\u00f1o la situaci\u00f3n mejora en cuanto a cifras de asistencia y es buen momento para festejar al cine con una fiesta. Cin\u00e9polis, Cinemex, Cinebox, Citicinemas, Cinemagic, Cinestar, Cinetop y Cinedot son las cadenas de exhibici\u00f3n que se suman a esta iniciativa para ofrecer al p\u00fablico La Fiesta del Cine, la cual incluye boletos a un costo de 29 pesos para entrar a ver cualquier pel\u00edcula que se encuentre en la cartelera nacional los d\u00edas 5, 6 y 7 de septiembre. <\/p>\n\n\n\n<blockquote class=\"wp-block-quote is-layout-flow wp-block-quote-is-layout-flow\"><p>\u201cEs una iniciativa inspirada en lo que hacen otros pa\u00edses como Francia, Chile, Per\u00fa, Argentina y Espa\u00f1a. Buscamos que la gente vuelva a las salas con precios de descuento. 29 pesos en formatos tradicionales, 69 pesos para salas Premium y VIP, y 49 pesos en formatos Imax y 4XD\u201d, dijo Miguel Rivera, director de Programaci\u00f3n de Cin\u00e9polis. <\/p><\/blockquote>\n\n\n\n<p>La programaci\u00f3n de La Fiesta del Cine incluir\u00e1 t\u00edtulos de todo el mundo, \u201ccomo V\u00e9rtigo, el nuevo thriller de Scott Mann; Nope, la nueva historia de g\u00e9nero de Jordan Peele; Escalera al infierno; y propuestas mexicanas como Lecciones para canallas, de Gustavo Moheno; as\u00ed como el reestreno de la versi\u00f3n extendida de Spiderman\u201d, agreg\u00f3 Rivera. <\/p>\n\n\n\n<p>Con esta primera edici\u00f3n de La Fiesta del Cine, se espera que las cifras de asistencia a las salas mexicanas se dupliquen, \u201cla cifra de asistencia en un lunes o martes promedio es de 400 mil boletos, ser\u00e1 interesante ver c\u00f3mo crece la asistencia, no tenemos un objetivo espec\u00edfico, pero nos encantar\u00eda ver el doble de personas\u201d, coment\u00f3 Rivera. <\/p>\n\n\n\n<p>Fuente: <a href=\"https:\/\/www.milenio.com\/espectaculos\/cine\/al-cine-por-29-pesos\" data-type=\"URL\" data-id=\"https:\/\/www.milenio.com\/espectaculos\/cine\/al-cine-por-29-pesos\">Milenio<\/a><\/p>\n","protected":false},"excerpt":{"rendered":"<p>Han sido a\u00f1os complicados para la industria del cine en el mundo, particularmente en el sector de la exhibici\u00f3n. Salas cerradas por largos periodos a causa del covid y los efectos de la inflaci\u00f3n han sido los principales retos, pero este a\u00f1o la situaci\u00f3n mejora en cuanto a cifras de asistencia y es buen momento [&hellip;]<\/p>\n","protected":false},"author":35,"featured_media":13259,"comment_status":"open","ping_status":"open","sticky":false,"template":"","format":"standard","meta":{"_monsterinsights_skip_tracking":false,"_monsterinsights_sitenote_active":false,"_monsterinsights_sitenote_note":"","_monsterinsights_sitenote_category":0,"footnotes":""},"categories":[576],"tags":[18177,11973,18179,18178],"class_list":["post-69125","post","type-post","status-publish","format-standard","has-post-thumbnail","hentry","category-ocio","tag-cadenas","tag-celebraran","tag-entradas","tag-la-fiesta-del-cine","wp-image-borders"],"amp_enabled":true,"_links":{"self":[{"href":"https:\/\/nvnoticias.mx\/index.php\/wp-json\/wp\/v2\/posts\/69125","targetHints":{"allow":["GET"]}}],"collection":[{"href":"https:\/\/nvnoticias.mx\/index.php\/wp-json\/wp\/v2\/posts"}],"about":[{"href":"https:\/\/nvnoticias.mx\/index.php\/wp-json\/wp\/v2\/types\/post"}],"author":[{"embeddable":true,"href":"https:\/\/nvnoticias.mx\/index.php\/wp-json\/wp\/v2\/users\/35"}],"replies":[{"embeddable":true,"href":"https:\/\/nvnoticias.mx\/index.php\/wp-json\/wp\/v2\/comments?post=69125"}],"version-history":[{"count":1,"href":"https:\/\/nvnoticias.mx\/index.php\/wp-json\/wp\/v2\/posts\/69125\/revisions"}],"predecessor-version":[{"id":69126,"href":"https:\/\/nvnoticias.mx\/index.php\/wp-json\/wp\/v2\/posts\/69125\/revisions\/69126"}],"wp:featuredmedia":[{"embeddable":true,"href":"https:\/\/nvnoticias.mx\/index.php\/wp-json\/wp\/v2\/media\/13259"}],"wp:attachment":[{"href":"https:\/\/nvnoticias.mx\/index.php\/wp-json\/wp\/v2\/media?parent=69125"}],"wp:term":[{"taxonomy":"category","embeddable":true,"href":"https:\/\/nvnoticias.mx\/index.php\/wp-json\/wp\/v2\/categories?post=69125"},{"taxonomy":"post_tag","embeddable":true,"href":"https:\/\/nvnoticias.mx\/index.php\/wp-json\/wp\/v2\/tags?post=69125"}],"curies":[{"name":"wp","href":"https:\/\/api.w.org\/{rel}","templated":true}]}}