{"id":69027,"date":"2022-08-09T13:28:23","date_gmt":"2022-08-09T18:28:23","guid":{"rendered":"https:\/\/nvnoticias.mx\/?p=69027"},"modified":"2022-08-09T13:28:24","modified_gmt":"2022-08-09T18:28:24","slug":"ex-gobernador-de-oaxaca-afirma-que-buscara-candidatura-independiente-a-la-presidencia-de-la-republica","status":"publish","type":"post","link":"https:\/\/nvnoticias.mx\/index.php\/2022\/08\/09\/ex-gobernador-de-oaxaca-afirma-que-buscara-candidatura-independiente-a-la-presidencia-de-la-republica\/","title":{"rendered":"Ex gobernador de Oaxaca afirma que buscar\u00e1 candidatura independiente a la presidencia de la Rep\u00fablica"},"content":{"rendered":"\n<p><strong>Sam Ojeda\u00a0\/ NV Noticias<\/strong><\/p>\n\n\n\n<p>Xalapa . El ex gobernador de Oaxaca, Ulises Ruiz Ortiz, buscar\u00e1 una candidatura independiente a la Presidencia de la Rep\u00fablica en el 2024.\u00a0<\/p>\n\n\n\n<p>Lo anterior, pues asegur\u00f3 que ante la crisis de partidos pol\u00edticos en el pa\u00eds las candidaturas independientes ser\u00e1n fundamentales para las elecciones del 2024.\u00a0<\/p>\n\n\n\n<blockquote class=\"wp-block-quote is-layout-flow wp-block-quote-is-layout-flow\"><p>\u201c<em>Vamos a seguir caminando y si as\u00ed lo decide la gente vamos a registrar la candidatura para la presidencia de la Rep\u00fablica<\/em>\u201d.<\/p><\/blockquote>\n\n\n\n<p>Dijo que no tiene intenci\u00f3n de competir con programas sociales o el crimen organizado como afirma lo hace el presidente de la Rep\u00fablica, Andr\u00e9s Manuel L\u00f3pez Obrador.\u00a0<\/p>\n\n\n\n<blockquote class=\"wp-block-quote is-layout-flow wp-block-quote-is-layout-flow\"><p>\u201c<em>Nosotros no vamos a competir con los programas sociales que indiscriminadamente usa L\u00f3pez Obrador para ganar elecciones, no vamos a ir con el crimen organizado para ganar elecciones como lo hace L\u00f3pez Obrador; nosotros vamos a caminar 15 kil\u00f3metros diarios para hablar con la gente<\/em>\u201d.\u00a0<\/p><\/blockquote>\n\n\n\n<p>Asegur\u00f3 que los partidos pol\u00edticos est\u00e1n en manos de delincuentes, desdibujados o bien descompuestos y que la poblaci\u00f3n busca candidaturas independientes para impulsar a ciudadanos en cargos p\u00fablicos.\u00a0<\/p>\n\n\n\n<blockquote class=\"wp-block-quote is-layout-flow wp-block-quote-is-layout-flow\"><p>\u201c<em>Hoy m\u00e1s que nunca con esta enorme crisis de partidos pol\u00edticos que hay, con un PRI pr\u00e1cticamente en manos de delincuentes, al frente Alito Moreno y Moreira; con un PAN desdibujado y un PRD testimonial, con MC que camina como un llanero solitario y el partido de L\u00f3pez Obrador totalmente descompuesto<\/em>\u201d.\u00a0<\/p><\/blockquote>\n","protected":false},"excerpt":{"rendered":"<p>Sam Ojeda\u00a0\/ NV Noticias Xalapa . El ex gobernador de Oaxaca, Ulises Ruiz Ortiz, buscar\u00e1 una candidatura independiente a la Presidencia de la Rep\u00fablica en el 2024.\u00a0 Lo anterior, pues asegur\u00f3 que ante la crisis de partidos pol\u00edticos en el pa\u00eds las candidaturas independientes ser\u00e1n fundamentales para las elecciones del 2024.\u00a0 \u201cVamos a seguir caminando [&hellip;]<\/p>\n","protected":false},"author":8,"featured_media":24302,"comment_status":"open","ping_status":"open","sticky":false,"template":"","format":"standard","meta":{"_monsterinsights_skip_tracking":false,"_monsterinsights_sitenote_active":false,"_monsterinsights_sitenote_note":"","_monsterinsights_sitenote_category":0,"footnotes":""},"categories":[158],"tags":[1030,270,1058,6061],"class_list":["post-69027","post","type-post","status-publish","format-standard","has-post-thumbnail","hentry","category-politica","tag-ex-gobernador","tag-oaxaca","tag-presidencia","tag-ulises-ruiz","wp-image-borders"],"amp_enabled":true,"_links":{"self":[{"href":"https:\/\/nvnoticias.mx\/index.php\/wp-json\/wp\/v2\/posts\/69027","targetHints":{"allow":["GET"]}}],"collection":[{"href":"https:\/\/nvnoticias.mx\/index.php\/wp-json\/wp\/v2\/posts"}],"about":[{"href":"https:\/\/nvnoticias.mx\/index.php\/wp-json\/wp\/v2\/types\/post"}],"author":[{"embeddable":true,"href":"https:\/\/nvnoticias.mx\/index.php\/wp-json\/wp\/v2\/users\/8"}],"replies":[{"embeddable":true,"href":"https:\/\/nvnoticias.mx\/index.php\/wp-json\/wp\/v2\/comments?post=69027"}],"version-history":[{"count":1,"href":"https:\/\/nvnoticias.mx\/index.php\/wp-json\/wp\/v2\/posts\/69027\/revisions"}],"predecessor-version":[{"id":69028,"href":"https:\/\/nvnoticias.mx\/index.php\/wp-json\/wp\/v2\/posts\/69027\/revisions\/69028"}],"wp:featuredmedia":[{"embeddable":true,"href":"https:\/\/nvnoticias.mx\/index.php\/wp-json\/wp\/v2\/media\/24302"}],"wp:attachment":[{"href":"https:\/\/nvnoticias.mx\/index.php\/wp-json\/wp\/v2\/media?parent=69027"}],"wp:term":[{"taxonomy":"category","embeddable":true,"href":"https:\/\/nvnoticias.mx\/index.php\/wp-json\/wp\/v2\/categories?post=69027"},{"taxonomy":"post_tag","embeddable":true,"href":"https:\/\/nvnoticias.mx\/index.php\/wp-json\/wp\/v2\/tags?post=69027"}],"curies":[{"name":"wp","href":"https:\/\/api.w.org\/{rel}","templated":true}]}}