{"id":68959,"date":"2022-08-09T09:26:10","date_gmt":"2022-08-09T14:26:10","guid":{"rendered":"https:\/\/nvnoticias.mx\/?p=68959"},"modified":"2022-08-09T09:26:11","modified_gmt":"2022-08-09T14:26:11","slug":"se-dispara-inflacion-a-8-15-en-julio","status":"publish","type":"post","link":"https:\/\/nvnoticias.mx\/index.php\/2022\/08\/09\/se-dispara-inflacion-a-8-15-en-julio\/","title":{"rendered":"Se dispara inflaci\u00f3n a 8.15% en julio"},"content":{"rendered":"\n<p>El<strong>&nbsp;\u00cdndice Nacional de Precios al Consumidor (INPC)<\/strong>&nbsp;volvi\u00f3 a acelerar y registr\u00f3 una variaci\u00f3n anual de 8.15 por ciento en julio del presente a\u00f1o, presionados por&nbsp;el aumento en los precios&nbsp;de la papa y otros tub\u00e9rculos, cebolla, naranja, harina de trigo y el pan blanco.<\/p>\n\n\n\n<p>De acuerdo con la informaci\u00f3n presentada este martes por el Instituto Nacional de Estad\u00edstica y Geograf\u00eda (Inegi),<strong>&nbsp;la inflaci\u00f3n registr\u00f3 su nivel m\u00e1s alto desde diciembre del 2000<\/strong>, cuando se ubic\u00f3 en 8.96 por ciento.<\/p>\n\n\n\n<p>Dicho incremento se da luego de presentar una&nbsp;variaci\u00f3n de 7.65 por ciento en mayo y 7.99 por ciento en junio.<\/p>\n\n\n\n<p>As\u00ed, la inflaci\u00f3n se ha ubicado 17 meses consecutivos por encima del rango objetivo fijado por el Banco de M\u00e9xico (3 por ciento, +\/- un punto porcentual).<\/p>\n\n\n\n<p>El resultado del INPC estuvo ligeramente por encima de las expectativas del mercado, el cual&nbsp;estimaba 8.13 por ciento a tasa anual, de acuerdo con Citibanamex.<\/p>\n\n\n\n<p>El&nbsp;<strong>\u00edndice de precios subyacente<\/strong>, que es aquel que excluye de su contabilidad los productos de alta volatilidad de precios, volvi\u00f3 a acelerar y<strong>&nbsp;se ubic\u00f3 en 7.65 por ciento a tasa anual,<\/strong>&nbsp;su variaci\u00f3n m\u00e1s alta desde diciembre del 2000, cuando subi\u00f3 a 7.85 por ciento.<\/p>\n\n\n\n<p>En su interior, los&nbsp;<strong>precios de los servicios<\/strong>&nbsp;se ubicaron en 4.90 por ciento, mientras que el alza en los precios de las mercanc\u00edas fue de 10.07 por ciento.<\/p>\n\n\n\n<p>En tanto, la<strong>&nbsp;balanza no subyacente<\/strong>, que contabiliza los productos que presentan una alta volatilidad en sus precios, como los productos agr\u00edcolas o los combustibles, se ubic\u00f3&nbsp;<strong>en 9.65 por ciento a tasa anual, su nivel m\u00e1s alto desde enero pasado.<\/strong><\/p>\n\n\n\n<p>De manera desagregada,&nbsp;<strong>los precios de los productos agropecuarios presentaron una variaci\u00f3n de 16.05 por ciento<\/strong>, mientras que la de los de los energ\u00e9ticos y tarifas autorizadas por el Gobierno se ubic\u00f3 en 4.76 por ciento, esto respecto al mismo periodo del a\u00f1o pasado.<\/p>\n\n\n\n<p>Por su parte, el<strong>&nbsp;\u00cdndice de Precios de la Canasta de Consumo M\u00ednimo&nbsp;<\/strong>aument\u00f3 a tasa mensual 0.81 por ciento y anual, 8.66 por ciento.<\/p>\n\n\n\n<p>En su comparaci\u00f3n respecto al mes anterior, el INPC desaceler\u00f3 a 0.74 por ciento, luego de registrar 0.84 por ciento el mes anterior.<\/p>\n\n\n\n<p>Entre los productos gen\u00e9ricos cuyas variaciones de precios destacaron por su incidencia sobre la inflaci\u00f3n general fueron&nbsp;<strong>la papa y otros tub\u00e9rculos<\/strong>&nbsp;(60.26 por ciento);&nbsp;<strong>cebolla&nbsp;<\/strong>(49.50 por ciento);&nbsp;<strong>naranja&nbsp;<\/strong>(39.48 por ciento);&nbsp;<strong>harinas de trigo&nbsp;<\/strong>(33.11 por ciento) y&nbsp;<strong>pan blanco<\/strong>&nbsp;(27.29 por ciento).<\/p>\n\n\n\n<p>Por el contrario, el producto que present\u00f3 una disminuci\u00f3n en su precio fue principalmente el gas dom\u00e9stico LP (8.07 por ciento).<\/p>\n\n\n\n<p>Fuente: <a href=\"https:\/\/www.elfinanciero.com.mx\/economia\/2022\/08\/09\/inflacion-en-mexico-sube-y-sube-se-dispara-a-815-en-julio\/?outputType=amp\" data-type=\"URL\" data-id=\"https:\/\/www.elfinanciero.com.mx\/economia\/2022\/08\/09\/inflacion-en-mexico-sube-y-sube-se-dispara-a-815-en-julio\/?outputType=amp\">El Financiero<\/a> <\/p>\n","protected":false},"excerpt":{"rendered":"<p>El&nbsp;\u00cdndice Nacional de Precios al Consumidor (INPC)&nbsp;volvi\u00f3 a acelerar y registr\u00f3 una variaci\u00f3n anual de 8.15 por ciento en julio del presente a\u00f1o, presionados por&nbsp;el aumento en los precios&nbsp;de la papa y otros tub\u00e9rculos, cebolla, naranja, harina de trigo y el pan blanco. De acuerdo con la informaci\u00f3n presentada este martes por el Instituto Nacional [&hellip;]<\/p>\n","protected":false},"author":35,"featured_media":53244,"comment_status":"open","ping_status":"open","sticky":false,"template":"","format":"standard","meta":{"_monsterinsights_skip_tracking":false,"_monsterinsights_sitenote_active":false,"_monsterinsights_sitenote_note":"","_monsterinsights_sitenote_category":0,"footnotes":""},"categories":[157],"tags":[2978,162,18136],"class_list":["post-68959","post","type-post","status-publish","format-standard","has-post-thumbnail","hentry","category-nacional","tag-inflacion","tag-portada","tag-se-dispara","wp-image-borders"],"amp_enabled":true,"_links":{"self":[{"href":"https:\/\/nvnoticias.mx\/index.php\/wp-json\/wp\/v2\/posts\/68959","targetHints":{"allow":["GET"]}}],"collection":[{"href":"https:\/\/nvnoticias.mx\/index.php\/wp-json\/wp\/v2\/posts"}],"about":[{"href":"https:\/\/nvnoticias.mx\/index.php\/wp-json\/wp\/v2\/types\/post"}],"author":[{"embeddable":true,"href":"https:\/\/nvnoticias.mx\/index.php\/wp-json\/wp\/v2\/users\/35"}],"replies":[{"embeddable":true,"href":"https:\/\/nvnoticias.mx\/index.php\/wp-json\/wp\/v2\/comments?post=68959"}],"version-history":[{"count":4,"href":"https:\/\/nvnoticias.mx\/index.php\/wp-json\/wp\/v2\/posts\/68959\/revisions"}],"predecessor-version":[{"id":68963,"href":"https:\/\/nvnoticias.mx\/index.php\/wp-json\/wp\/v2\/posts\/68959\/revisions\/68963"}],"wp:featuredmedia":[{"embeddable":true,"href":"https:\/\/nvnoticias.mx\/index.php\/wp-json\/wp\/v2\/media\/53244"}],"wp:attachment":[{"href":"https:\/\/nvnoticias.mx\/index.php\/wp-json\/wp\/v2\/media?parent=68959"}],"wp:term":[{"taxonomy":"category","embeddable":true,"href":"https:\/\/nvnoticias.mx\/index.php\/wp-json\/wp\/v2\/categories?post=68959"},{"taxonomy":"post_tag","embeddable":true,"href":"https:\/\/nvnoticias.mx\/index.php\/wp-json\/wp\/v2\/tags?post=68959"}],"curies":[{"name":"wp","href":"https:\/\/api.w.org\/{rel}","templated":true}]}}