{"id":68751,"date":"2022-08-07T16:23:14","date_gmt":"2022-08-07T21:23:14","guid":{"rendered":"https:\/\/nvnoticias.mx\/?p=68751"},"modified":"2022-08-07T16:23:15","modified_gmt":"2022-08-07T21:23:15","slug":"reforma-electoral-no-debe-quedarse-en-banalidades-ignacio-mier","status":"publish","type":"post","link":"https:\/\/nvnoticias.mx\/index.php\/2022\/08\/07\/reforma-electoral-no-debe-quedarse-en-banalidades-ignacio-mier\/","title":{"rendered":"Reforma electoral no debe quedarse en banalidades: Ignacio Mier"},"content":{"rendered":"\n<p>La reforma electoral se debe analizar tanto en la forma como en el fondo, no quedarse en banalidades, indic\u00f3\u00a0el coordinador de\u00a0<strong>Morena\u00a0<\/strong>en la C\u00e1mara de Diputados,\u00a0<strong>Ignacio Mier Velazco<\/strong>.<\/p>\n\n\n\n<p>Conmin\u00f3 a aquellos que deseen realizar foros alternos a que lo hagan bajo la premisa del respeto al\u00a0<strong>Poder Legislativo<\/strong>.<\/p>\n\n\n\n<blockquote class=\"wp-block-quote is-layout-flow wp-block-quote-is-layout-flow\"><p>\u201cInsisto, ser\u00eda una imprudencia hacer uso de las instalaciones legislativas para llevar a cabo un evento de car\u00e1cter pol\u00edtico, menos aun cuando todos los grupos parlamentarios acordamos un parlamento oficial y que sea \u00e9ste el \u00fanico que tenga difusi\u00f3n y propaganda oficial del<strong>\u00a0Canal del Congreso<\/strong>. Lo dem\u00e1s lo debemos asumir nosotros con nuestros propios recursos\u201d, expuso Ignacio Mier.\u00a0<\/p><\/blockquote>\n\n\n\n<p>Y agreg\u00f3: \u201cNo estoy de acuerdo en que haya un menosprecio a un foro tan importante como el parlamento abierto. Exhorto a todos los partidos a enviar sus propuestas de ponentes y expertos en la materia. Abrir el debate, profundizarlo. Ojal\u00e1 reflexionen y le den la importancia que merece esto que aprobamos, no un solo grupo parlamentario, sino todos los que integramos la Junta de Coordinaci\u00f3n Pol\u00edtica\u201d.<\/p>\n\n\n\n<p>Asegur\u00f3 que el debate sobre la reforma electoral ha generado mucho inter\u00e9s por parte de todos los sectores, y eso habla de la necesidad de avanzar en un tema que involucra no s\u00f3lo a partidos pol\u00edticos y \u00f3rganos electorales, sino a todos aquellos que desean un cambio en nuestro modelo democr\u00e1tico,&nbsp;<\/p>\n\n\n\n<blockquote class=\"wp-block-quote is-layout-flow wp-block-quote-is-layout-flow\"><p>\u201cQu\u00e9 bueno que hay mucho inter\u00e9s en el tema. Celebro que haya varios foros de debate alternos al parlamento abierto, no obstante, ser\u00e1 aqu\u00ed en la\u00a0<strong>C\u00e1mara de Diputados\u00a0<\/strong>donde finalmente tendremos que legislar y analizar las 49 reformas electorales para darle al pa\u00eds nuevos instrumentos, m\u00e1s eficaces, efectivos y acordes a la actualidad\u201d, manifest\u00f3 el legislador poblano.<\/p><\/blockquote>\n\n\n\n<p>En este sentido, asegur\u00f3 que el grupo parlamentario de Morena ser\u00e1 siempre respetuoso de los acuerdos que se aprueben en la Junta de Coordinaci\u00f3n Pol\u00edtica, as\u00ed como del presidente en turno de este \u00f3rgano legislativo.<\/p>\n\n\n\n<p>Dese\u00f3 que a todos aquellos a los que ya de manera directa se les gir\u00f3 una invitaci\u00f3n para acudir al parlamento lo hagan, porque es importante conocer tanto las y los legisladores, como el pueblo de M\u00e9xico, su postura y argumentos.<\/p>\n\n\n\n<p>Fuente: <a href=\"https:\/\/www.eluniversal.com.mx\/nacion\/reforma-electoral-no-debe-quedarse-en-banalidades-ignacio-mier\" data-type=\"URL\" data-id=\"https:\/\/www.eluniversal.com.mx\/nacion\/reforma-electoral-no-debe-quedarse-en-banalidades-ignacio-mier\">El Universal<\/a><\/p>\n","protected":false},"excerpt":{"rendered":"<p>La reforma electoral se debe analizar tanto en la forma como en el fondo, no quedarse en banalidades, indic\u00f3\u00a0el coordinador de\u00a0Morena\u00a0en la C\u00e1mara de Diputados,\u00a0Ignacio Mier Velazco. Conmin\u00f3 a aquellos que deseen realizar foros alternos a que lo hagan bajo la premisa del respeto al\u00a0Poder Legislativo. \u201cInsisto, ser\u00eda una imprudencia hacer uso de las instalaciones [&hellip;]<\/p>\n","protected":false},"author":35,"featured_media":65443,"comment_status":"open","ping_status":"open","sticky":false,"template":"","format":"standard","meta":{"_monsterinsights_skip_tracking":false,"_monsterinsights_sitenote_active":false,"_monsterinsights_sitenote_note":"","_monsterinsights_sitenote_category":0,"footnotes":""},"categories":[158],"tags":[5068,4409],"class_list":["post-68751","post","type-post","status-publish","format-standard","has-post-thumbnail","hentry","category-politica","tag-ignacio-mier","tag-reforma-electoral","wp-image-borders"],"amp_enabled":true,"_links":{"self":[{"href":"https:\/\/nvnoticias.mx\/index.php\/wp-json\/wp\/v2\/posts\/68751","targetHints":{"allow":["GET"]}}],"collection":[{"href":"https:\/\/nvnoticias.mx\/index.php\/wp-json\/wp\/v2\/posts"}],"about":[{"href":"https:\/\/nvnoticias.mx\/index.php\/wp-json\/wp\/v2\/types\/post"}],"author":[{"embeddable":true,"href":"https:\/\/nvnoticias.mx\/index.php\/wp-json\/wp\/v2\/users\/35"}],"replies":[{"embeddable":true,"href":"https:\/\/nvnoticias.mx\/index.php\/wp-json\/wp\/v2\/comments?post=68751"}],"version-history":[{"count":1,"href":"https:\/\/nvnoticias.mx\/index.php\/wp-json\/wp\/v2\/posts\/68751\/revisions"}],"predecessor-version":[{"id":68752,"href":"https:\/\/nvnoticias.mx\/index.php\/wp-json\/wp\/v2\/posts\/68751\/revisions\/68752"}],"wp:featuredmedia":[{"embeddable":true,"href":"https:\/\/nvnoticias.mx\/index.php\/wp-json\/wp\/v2\/media\/65443"}],"wp:attachment":[{"href":"https:\/\/nvnoticias.mx\/index.php\/wp-json\/wp\/v2\/media?parent=68751"}],"wp:term":[{"taxonomy":"category","embeddable":true,"href":"https:\/\/nvnoticias.mx\/index.php\/wp-json\/wp\/v2\/categories?post=68751"},{"taxonomy":"post_tag","embeddable":true,"href":"https:\/\/nvnoticias.mx\/index.php\/wp-json\/wp\/v2\/tags?post=68751"}],"curies":[{"name":"wp","href":"https:\/\/api.w.org\/{rel}","templated":true}]}}