{"id":68594,"date":"2022-08-06T13:41:44","date_gmt":"2022-08-06T18:41:44","guid":{"rendered":"https:\/\/nvnoticias.mx\/?p=68594"},"modified":"2022-08-06T13:41:45","modified_gmt":"2022-08-06T18:41:45","slug":"busca-ayuntamiento-rescatar-placas-y-nomenclatura-del-centro-historico","status":"publish","type":"post","link":"https:\/\/nvnoticias.mx\/index.php\/2022\/08\/06\/busca-ayuntamiento-rescatar-placas-y-nomenclatura-del-centro-historico\/","title":{"rendered":"Busca Ayuntamiento rescatar placas y nomenclatura del Centro Hist\u00f3rico"},"content":{"rendered":"\n<p>Xalapa, Ver.- Con el prop\u00f3sito de mejorar la imagen urbana, contribuir a la conservaci\u00f3n de la identidad de Xalapa y proteger instalaciones con valor patrimonial, el Ayuntamiento buscar\u00e1 rescatar la nomenclatura instalada tanto en calles como en edificios emblem\u00e1ticos del Centro Hist\u00f3rico, inform\u00f3 el director de Desarrollo Urbano, Jos\u00e9 Miguel Torres Ch\u00e1zaro.<\/p>\n\n\n\n<p>El funcionario explic\u00f3 que durante el periodo gubernamental de Ignacio Gonz\u00e1lez Rebolledo se instal\u00f3 nomenclatura y placas informativas en calles y edificios con valor hist\u00f3rico como el Palacio Municipal y el Colegio Preparatorio de Xalapa, para lo cual se sigui\u00f3 la normatividad que se establece para ciudades que son patrimonio hist\u00f3rico o de la humanidad.<\/p>\n\n\n\n<p>Lamentablemente, dijo, por actos de vandalismo muchas de estas placas se han retirado: \u201cLa Direcci\u00f3n de Desarrollo Urbano ha realizado el inventario de las que existen para ver la factibilidad de que se repongan las que faltan\u201d.<\/p>\n\n\n\n<p>Incluso, ya se solicit\u00f3 a una empresa que tiene un producto especial antigraffiti que haga una muestra de limpieza en las que tienen alg\u00fan da\u00f1o para intervenirlas sin afectar el texto informativo y colores originales. Tambi\u00e9n se le pidi\u00f3 una cotizaci\u00f3n para presentarla ante Cabildo y aprobar su rescate y mejorar la imagen urbana de una ciudad cultural como Xalapa.<\/p>\n\n\n\n<p>Jos\u00e9 Miguel Torres Ch\u00e1zaro hizo un llamado a la ciudadan\u00eda para que respete esta nomenclatura que contiene informaci\u00f3n valiosa y fundamentada en archivos hist\u00f3ricos; lo mismo en el caso de monumentos y otros inmuebles que es necesario rescatar, proteger y conservar, ya que es la imagen que se muestra a visitantes y el turismo cultural.<\/p>\n\n\n\n<figure class=\"wp-block-image size-large\"><img loading=\"lazy\" decoding=\"async\" width=\"1024\" height=\"754\" src=\"https:\/\/nvnoticias.mx\/wp-content\/uploads\/2022\/08\/WhatsApp-Image-2022-08-06-at-1.18.38-PM-1-1024x754.jpeg\" alt=\"\" class=\"wp-image-68595\" srcset=\"https:\/\/nvnoticias.mx\/wp-content\/uploads\/2022\/08\/WhatsApp-Image-2022-08-06-at-1.18.38-PM-1-1024x754.jpeg 1024w, https:\/\/nvnoticias.mx\/wp-content\/uploads\/2022\/08\/WhatsApp-Image-2022-08-06-at-1.18.38-PM-1-300x221.jpeg 300w, https:\/\/nvnoticias.mx\/wp-content\/uploads\/2022\/08\/WhatsApp-Image-2022-08-06-at-1.18.38-PM-1-768x565.jpeg 768w, https:\/\/nvnoticias.mx\/wp-content\/uploads\/2022\/08\/WhatsApp-Image-2022-08-06-at-1.18.38-PM-1.jpeg 1344w\" sizes=\"auto, (max-width: 1024px) 100vw, 1024px\" \/><figcaption>Jos\u00e9 Miguel Torres Ch\u00e1zaro, el director de Desarrollo Urbano de Xalapa.<\/figcaption><\/figure>\n","protected":false},"excerpt":{"rendered":"<p>Xalapa, Ver.- Con el prop\u00f3sito de mejorar la imagen urbana, contribuir a la conservaci\u00f3n de la identidad de Xalapa y proteger instalaciones con valor patrimonial, el Ayuntamiento buscar\u00e1 rescatar la nomenclatura instalada tanto en calles como en edificios emblem\u00e1ticos del Centro Hist\u00f3rico, inform\u00f3 el director de Desarrollo Urbano, Jos\u00e9 Miguel Torres Ch\u00e1zaro. El funcionario explic\u00f3 [&hellip;]<\/p>\n","protected":false},"author":35,"featured_media":68596,"comment_status":"open","ping_status":"open","sticky":false,"template":"","format":"standard","meta":{"_monsterinsights_skip_tracking":false,"_monsterinsights_sitenote_active":false,"_monsterinsights_sitenote_note":"","_monsterinsights_sitenote_category":0,"footnotes":""},"categories":[156],"tags":[366,9048,1375,18055,15568,17971],"class_list":["post-68594","post","type-post","status-publish","format-standard","has-post-thumbnail","hentry","category-estado","tag-ayuntamiento","tag-busca","tag-centro-historico","tag-nomenclatura","tag-placas","tag-rescatar","wp-image-borders"],"amp_enabled":true,"_links":{"self":[{"href":"https:\/\/nvnoticias.mx\/index.php\/wp-json\/wp\/v2\/posts\/68594","targetHints":{"allow":["GET"]}}],"collection":[{"href":"https:\/\/nvnoticias.mx\/index.php\/wp-json\/wp\/v2\/posts"}],"about":[{"href":"https:\/\/nvnoticias.mx\/index.php\/wp-json\/wp\/v2\/types\/post"}],"author":[{"embeddable":true,"href":"https:\/\/nvnoticias.mx\/index.php\/wp-json\/wp\/v2\/users\/35"}],"replies":[{"embeddable":true,"href":"https:\/\/nvnoticias.mx\/index.php\/wp-json\/wp\/v2\/comments?post=68594"}],"version-history":[{"count":1,"href":"https:\/\/nvnoticias.mx\/index.php\/wp-json\/wp\/v2\/posts\/68594\/revisions"}],"predecessor-version":[{"id":68597,"href":"https:\/\/nvnoticias.mx\/index.php\/wp-json\/wp\/v2\/posts\/68594\/revisions\/68597"}],"wp:featuredmedia":[{"embeddable":true,"href":"https:\/\/nvnoticias.mx\/index.php\/wp-json\/wp\/v2\/media\/68596"}],"wp:attachment":[{"href":"https:\/\/nvnoticias.mx\/index.php\/wp-json\/wp\/v2\/media?parent=68594"}],"wp:term":[{"taxonomy":"category","embeddable":true,"href":"https:\/\/nvnoticias.mx\/index.php\/wp-json\/wp\/v2\/categories?post=68594"},{"taxonomy":"post_tag","embeddable":true,"href":"https:\/\/nvnoticias.mx\/index.php\/wp-json\/wp\/v2\/tags?post=68594"}],"curies":[{"name":"wp","href":"https:\/\/api.w.org\/{rel}","templated":true}]}}