{"id":6850,"date":"2021-03-07T18:57:02","date_gmt":"2021-03-08T00:57:02","guid":{"rendered":"https:\/\/nvnoticias.mx\/?p=6850"},"modified":"2021-03-07T18:57:40","modified_gmt":"2021-03-08T00:57:40","slug":"martes-comienza-vacunacion-adultos-en-veracruz","status":"publish","type":"post","link":"https:\/\/nvnoticias.mx\/index.php\/2021\/03\/07\/martes-comienza-vacunacion-adultos-en-veracruz\/","title":{"rendered":"El martes comienza vacunaci\u00f3n de adultos en el Puerto de Veracruz"},"content":{"rendered":"\n<p><strong>Jes\u00fas Utrilla \/ NV Noticias<\/strong><\/p>\n\n\n\n<p>Este domingo 7 de marzo arribaron a la Base A\u00e9rea Naval Las Bajadas de Veracruz, las dosis de vacuna Pfizer para la vacunaci\u00f3n de los adultos mayores que viven en el Puerto de Veracruz.<\/p>\n\n\n\n<p>A trav\u00e9s de sus redes sociales el Gobernador del Estado, Cuitl\u00e1huac Garc\u00eda Jim\u00e9nez, inform\u00f3 que la aplicaci\u00f3n comienza el martes.<\/p>\n\n\n\n<p>Las vacunas se recibieron con el apoyo de la Fuerza A\u00e9rea Mexicana.<\/p>\n\n\n\n<p>El plan de vacunaci\u00f3n contar\u00e1 de 10 d\u00edas de vacunaci\u00f3n para esta ciudad e iniciar\u00e1 el d\u00eda martes 9 de marzo para las personas con letra del primer apellido de la A a la E.<\/p>\n\n\n\n<p>El mi\u00e9rcoles 10 de marzo de la F a la J.<\/p>\n\n\n\n<p>El d\u00eda jueves 11 de marzo de la K a la O.<\/p>\n\n\n\n<p>El viernes 12 de marzo de la P a la T y el s\u00e1bado 13 de marzo de la U a la Z.<\/p>\n\n\n\n<p>El domingo 14, el lunes 15 y el martes 16 de marzo ser\u00e1n destinados para las personas mayores que por alguna incapacidad no puedan levantarse o salir de su domicilio; y el mi\u00e9rcoles 17 y jueves 18 las personas que se les haya pasado el d\u00eda que les correspond\u00eda (rezagados).<\/p>\n\n\n\n<p>Tambi\u00e9n inform\u00f3 que se recibieron 50 mil 440 dosis de SINOVAC para vacunaci\u00f3n de adultos mayores de algunas localidades en otros municipios cuya suma total de adultos mayores coincida con el tama\u00f1o del lote que arrib\u00f3.<\/p>\n","protected":false},"excerpt":{"rendered":"<p>Jes\u00fas Utrilla \/ NV Noticias Este domingo 7 de marzo arribaron a la Base A\u00e9rea Naval Las Bajadas de Veracruz, las dosis de vacuna Pfizer para la vacunaci\u00f3n de los adultos mayores que viven en el Puerto de Veracruz. A trav\u00e9s de sus redes sociales el Gobernador del Estado, Cuitl\u00e1huac Garc\u00eda Jim\u00e9nez, inform\u00f3 que la [&hellip;]<\/p>\n","protected":false},"author":7,"featured_media":6851,"comment_status":"open","ping_status":"open","sticky":false,"template":"","format":"standard","meta":{"_monsterinsights_skip_tracking":false,"_monsterinsights_sitenote_active":false,"_monsterinsights_sitenote_note":"","_monsterinsights_sitenote_category":0,"footnotes":""},"categories":[154],"tags":[1390,175,340,162,217,809],"class_list":["post-6850","post","type-post","status-publish","format-standard","has-post-thumbnail","hentry","category-veracruz","tag-adultos-mayores","tag-covid-19","tag-pfizer","tag-portada","tag-vacuna","tag-vacunacion","wp-image-borders"],"amp_enabled":true,"_links":{"self":[{"href":"https:\/\/nvnoticias.mx\/index.php\/wp-json\/wp\/v2\/posts\/6850","targetHints":{"allow":["GET"]}}],"collection":[{"href":"https:\/\/nvnoticias.mx\/index.php\/wp-json\/wp\/v2\/posts"}],"about":[{"href":"https:\/\/nvnoticias.mx\/index.php\/wp-json\/wp\/v2\/types\/post"}],"author":[{"embeddable":true,"href":"https:\/\/nvnoticias.mx\/index.php\/wp-json\/wp\/v2\/users\/7"}],"replies":[{"embeddable":true,"href":"https:\/\/nvnoticias.mx\/index.php\/wp-json\/wp\/v2\/comments?post=6850"}],"version-history":[{"count":1,"href":"https:\/\/nvnoticias.mx\/index.php\/wp-json\/wp\/v2\/posts\/6850\/revisions"}],"predecessor-version":[{"id":6852,"href":"https:\/\/nvnoticias.mx\/index.php\/wp-json\/wp\/v2\/posts\/6850\/revisions\/6852"}],"wp:featuredmedia":[{"embeddable":true,"href":"https:\/\/nvnoticias.mx\/index.php\/wp-json\/wp\/v2\/media\/6851"}],"wp:attachment":[{"href":"https:\/\/nvnoticias.mx\/index.php\/wp-json\/wp\/v2\/media?parent=6850"}],"wp:term":[{"taxonomy":"category","embeddable":true,"href":"https:\/\/nvnoticias.mx\/index.php\/wp-json\/wp\/v2\/categories?post=6850"},{"taxonomy":"post_tag","embeddable":true,"href":"https:\/\/nvnoticias.mx\/index.php\/wp-json\/wp\/v2\/tags?post=6850"}],"curies":[{"name":"wp","href":"https:\/\/api.w.org\/{rel}","templated":true}]}}