{"id":68485,"date":"2022-08-05T13:41:24","date_gmt":"2022-08-05T18:41:24","guid":{"rendered":"https:\/\/nvnoticias.mx\/?p=68485"},"modified":"2022-08-05T13:42:46","modified_gmt":"2022-08-05T18:42:46","slug":"ebrard-presume-vehiculo-electrico-creado-junto-a-bolivia-se-vendera-en-2023","status":"publish","type":"post","link":"https:\/\/nvnoticias.mx\/index.php\/2022\/08\/05\/ebrard-presume-vehiculo-electrico-creado-junto-a-bolivia-se-vendera-en-2023\/","title":{"rendered":"Ebrard \u2018presume\u2019 veh\u00edculo el\u00e9ctrico creado junto a Bolivia; se vender\u00e1 en 2023"},"content":{"rendered":"\n<p>El secretario de Relaciones Exteriores, Marcelo Ebrard, presumi\u00f3 el autom\u00f3vil Quantum, resultado de la alianza con la empresa boliviana del mismo nombre, el cual ser\u00e1 comerciado en M\u00e9xico a partir del pr\u00f3ximo a\u00f1o, siendo el veh\u00edculo el\u00e9ctrico m\u00e1s econ\u00f3mico en el pa\u00eds. <\/p>\n\n\n\n<p>A trav\u00e9s de sus redes sociales, el canciller comparti\u00f3 un video en el que se le observa conduciendo el autom\u00f3vil, el cual es compacto y posee estampados regionales. <\/p>\n\n\n\n<blockquote class=\"wp-block-quote is-layout-flow wp-block-quote-is-layout-flow\"><p>\u201c<em>Veh\u00edculo boliviano Quantum, el\u00e9ctrico. Disponible en 2023 en M\u00e9xico merced a la Alianza Quantum y la empresa mexicana Potencia Industrial . Ser\u00e1 el veh\u00edculo el\u00e9ctrico m\u00e1s econ\u00f3mico en nuestro pa\u00eds. Enhorabuena<\/em>\u201d, dijo. <\/p><\/blockquote>\n\n\n\n<figure class=\"wp-block-embed aligncenter is-type-rich is-provider-twitter wp-block-embed-twitter\"><div class=\"wp-block-embed__wrapper\">\n<blockquote class=\"twitter-tweet\" data-width=\"550\" data-dnt=\"true\"><p lang=\"es\" dir=\"ltr\">Veh\u00edculo boliviano Quantum, el\u00e9ctrico. Disponible en 2023 en M\u00e9xico merced a la Alianza Quantum y la empresa mexicana  Potencia Industrial . Ser\u00e1 el veh\u00edculo el\u00e9ctrico m\u00e1s econ\u00f3mico en nuestro pa\u00eds. Enhorabuena!! <a href=\"https:\/\/t.co\/CFsVVBxpdV\">pic.twitter.com\/CFsVVBxpdV<\/a><\/p>&mdash; Marcelo Ebrard C. (@m_ebrard) <a href=\"https:\/\/twitter.com\/m_ebrard\/status\/1555545564900560902?ref_src=twsrc%5Etfw\">August 5, 2022<\/a><\/blockquote><script async src=\"https:\/\/platform.twitter.com\/widgets.js\" charset=\"utf-8\"><\/script>\n<\/div><\/figure>\n\n\n\n<p>Ebrard se encuentra en Bolivia como parte de una gira por Sudam\u00e9rica, que incluye tambi\u00e9n a Per\u00fa y Colombia\u00a0para discutir el tema del litio.<\/p>\n\n\n\n<p>Antes de salir de M\u00e9xico, el secretario destac\u00f3 que la relaci\u00f3n diplom\u00e1tica con Bolivia data de hace 190 a\u00f1os, y a\u00f1adi\u00f3 que dichos lazos alcanzaron su pico cuando el presidente Andr\u00e9s Manuel L\u00f3pez Obrador le concedi\u00f3 el asilo al ex mandatario boliviano, Evo Morales, en 2019 tras su renuncia. <\/p>\n\n\n\n<p>Ayer, el canciller se reuni\u00f3 con Morales y, de acuerdo con lo informado por el mismo Ebrard, el ex presidente de Bolivia acept\u00f3 la invitaci\u00f3n para visitar M\u00e9xico en septiembre. <\/p>\n\n\n\n<p>Fuente: <a href=\"https:\/\/www.milenio.com\/politica\/ebrard-presume-vehiculo-electrico-creado-bolivia\">Milenio<\/a><\/p>\n","protected":false},"excerpt":{"rendered":"<p>El secretario de Relaciones Exteriores, Marcelo Ebrard, presumi\u00f3 el autom\u00f3vil Quantum, resultado de la alianza con la empresa boliviana del mismo nombre, el cual ser\u00e1 comerciado en M\u00e9xico a partir del pr\u00f3ximo a\u00f1o, siendo el veh\u00edculo el\u00e9ctrico m\u00e1s econ\u00f3mico en el pa\u00eds. A trav\u00e9s de sus redes sociales, el canciller comparti\u00f3 un video en el [&hellip;]<\/p>\n","protected":false},"author":8,"featured_media":68486,"comment_status":"open","ping_status":"open","sticky":false,"template":"","format":"standard","meta":{"_monsterinsights_skip_tracking":false,"_monsterinsights_sitenote_active":false,"_monsterinsights_sitenote_note":"","_monsterinsights_sitenote_category":0,"footnotes":""},"categories":[158],"tags":[391,162,18023],"class_list":["post-68485","post","type-post","status-publish","format-standard","has-post-thumbnail","hentry","category-politica","tag-marcelo-ebrard","tag-portada","tag-vehiculo-electrico","wp-image-borders"],"amp_enabled":true,"_links":{"self":[{"href":"https:\/\/nvnoticias.mx\/index.php\/wp-json\/wp\/v2\/posts\/68485","targetHints":{"allow":["GET"]}}],"collection":[{"href":"https:\/\/nvnoticias.mx\/index.php\/wp-json\/wp\/v2\/posts"}],"about":[{"href":"https:\/\/nvnoticias.mx\/index.php\/wp-json\/wp\/v2\/types\/post"}],"author":[{"embeddable":true,"href":"https:\/\/nvnoticias.mx\/index.php\/wp-json\/wp\/v2\/users\/8"}],"replies":[{"embeddable":true,"href":"https:\/\/nvnoticias.mx\/index.php\/wp-json\/wp\/v2\/comments?post=68485"}],"version-history":[{"count":1,"href":"https:\/\/nvnoticias.mx\/index.php\/wp-json\/wp\/v2\/posts\/68485\/revisions"}],"predecessor-version":[{"id":68487,"href":"https:\/\/nvnoticias.mx\/index.php\/wp-json\/wp\/v2\/posts\/68485\/revisions\/68487"}],"wp:featuredmedia":[{"embeddable":true,"href":"https:\/\/nvnoticias.mx\/index.php\/wp-json\/wp\/v2\/media\/68486"}],"wp:attachment":[{"href":"https:\/\/nvnoticias.mx\/index.php\/wp-json\/wp\/v2\/media?parent=68485"}],"wp:term":[{"taxonomy":"category","embeddable":true,"href":"https:\/\/nvnoticias.mx\/index.php\/wp-json\/wp\/v2\/categories?post=68485"},{"taxonomy":"post_tag","embeddable":true,"href":"https:\/\/nvnoticias.mx\/index.php\/wp-json\/wp\/v2\/tags?post=68485"}],"curies":[{"name":"wp","href":"https:\/\/api.w.org\/{rel}","templated":true}]}}