{"id":68473,"date":"2022-08-05T13:18:52","date_gmt":"2022-08-05T18:18:52","guid":{"rendered":"https:\/\/nvnoticias.mx\/?p=68473"},"modified":"2022-08-05T13:18:53","modified_gmt":"2022-08-05T18:18:53","slug":"mas-de-16-mil-cangrejos-azules-fueron-rescatados-en-la-riviera-veracruzana","status":"publish","type":"post","link":"https:\/\/nvnoticias.mx\/index.php\/2022\/08\/05\/mas-de-16-mil-cangrejos-azules-fueron-rescatados-en-la-riviera-veracruzana\/","title":{"rendered":"M\u00e1s de 16 mil cangrejos azules fueron rescatados en la Riviera Veracruzana"},"content":{"rendered":"\n<p><strong>Jes\u00fas Utrilla \/ NV Noticias<\/strong><\/p>\n\n\n\n<p>M\u00e1s de 16 mil cangrejos azules fueron rescatados en la zona de Alvarado para trasladarlos al manglar.<\/p>\n\n\n\n<p>Sergio Armando Gonz\u00e1lez Ram\u00edrez, de la Agrupacion Earth Mission, se\u00f1al\u00f3 que la cifra supera por mucho a a\u00f1os anteriores debido a que el resguardo y las campa\u00f1as de concientizaci\u00f3n permitieron aumentar la reproducci\u00f3n.<\/p>\n\n\n\n<p>La temporada concluye en septiembre y se espera superar los 27 mil cangrejos del a\u00f1o pasado.<\/p>\n\n\n\n<blockquote class=\"wp-block-quote is-layout-flow wp-block-quote-is-layout-flow\"><p>\u201c<em>Ahorita llevamos 16 mil pero falta agosto, que es el mes fuerte, entonces vamos por arriba de la meta promedio y la cantidad de cangrejos que han salido no se hab\u00eda visto. Son grupos grandes, cientos de cangrejos que salen al mismo tiempo no se hab\u00eda visto en a\u00f1os anteriores en la Riviera<\/em>\u201d.<\/p><\/blockquote>\n\n\n\n<p>Admiti\u00f3 que las condiciones no se encuentran a favor de la especie, pues cada vez hay menos agua dulce en el estero y el crecimiento de la mancha urbana redujo su h\u00e1bitat.<\/p>\n\n\n\n<p>Pese a ello este a\u00f1o hubo cangrejos de hasta 35 cent\u00edmetros con 5 o 6 a\u00f1os de edad.<br>Esto es, que est\u00e1n logrando crecer y que fueron protegidos.<\/p>\n\n\n\n<blockquote class=\"wp-block-quote is-layout-flow wp-block-quote-is-layout-flow\"><p>\u201c<em>Se ha logrado llevar a las hembras a que terminen su ciclo reproductivo. Los fraccionamientos siguen creciendo, entonces no ha habido crecimiento del h\u00e1bitat, por el contrario ha habido reducci\u00f3n. La cantidad de agua dulce que le entra al estero cada vez es menor por la falta de lluvias. Empez\u00f3 a llover en julio y si sigue agosto y septiembre de todos modos la sequ\u00eda fue fuerte\u201d<\/em>.<\/p><\/blockquote>\n\n\n\n<p>Hasta septiembre concluye la temporada de desove del cangrejo azul.<\/p>\n\n\n\n<p>Es una especie en peligro de extinci\u00f3n e independientemente de las acciones que realicen las autoridades y las agrupaciones ambientalistas, la ciudadan\u00eda debe hacer conciencia de su preservaci\u00f3n y manejar con precauci\u00f3n.<\/p>\n\n\n\n<p>Y es que la primera causa de muerte de las especies de la zona es el atropellamiento y la segunda, la caza.<\/p>\n\n\n\n<p>Los cangrejos cruzan por la Riviera Veracruzana desde el Fraccionamiento Vista Bella hasta la localidad de Ant\u00f3n Lizardo.<\/p>\n","protected":false},"excerpt":{"rendered":"<p>Jes\u00fas Utrilla \/ NV Noticias M\u00e1s de 16 mil cangrejos azules fueron rescatados en la zona de Alvarado para trasladarlos al manglar. Sergio Armando Gonz\u00e1lez Ram\u00edrez, de la Agrupacion Earth Mission, se\u00f1al\u00f3 que la cifra supera por mucho a a\u00f1os anteriores debido a que el resguardo y las campa\u00f1as de concientizaci\u00f3n permitieron aumentar la reproducci\u00f3n. [&hellip;]<\/p>\n","protected":false},"author":8,"featured_media":68474,"comment_status":"open","ping_status":"open","sticky":false,"template":"","format":"standard","meta":{"_monsterinsights_skip_tracking":false,"_monsterinsights_sitenote_active":false,"_monsterinsights_sitenote_note":"","_monsterinsights_sitenote_category":0,"footnotes":""},"categories":[154],"tags":[18020,1521,18021],"class_list":["post-68473","post","type-post","status-publish","format-standard","has-post-thumbnail","hentry","category-veracruz","tag-cangrejos-azules","tag-rescate","tag-riviera-veracruzana","wp-image-borders"],"amp_enabled":true,"_links":{"self":[{"href":"https:\/\/nvnoticias.mx\/index.php\/wp-json\/wp\/v2\/posts\/68473","targetHints":{"allow":["GET"]}}],"collection":[{"href":"https:\/\/nvnoticias.mx\/index.php\/wp-json\/wp\/v2\/posts"}],"about":[{"href":"https:\/\/nvnoticias.mx\/index.php\/wp-json\/wp\/v2\/types\/post"}],"author":[{"embeddable":true,"href":"https:\/\/nvnoticias.mx\/index.php\/wp-json\/wp\/v2\/users\/8"}],"replies":[{"embeddable":true,"href":"https:\/\/nvnoticias.mx\/index.php\/wp-json\/wp\/v2\/comments?post=68473"}],"version-history":[{"count":1,"href":"https:\/\/nvnoticias.mx\/index.php\/wp-json\/wp\/v2\/posts\/68473\/revisions"}],"predecessor-version":[{"id":68475,"href":"https:\/\/nvnoticias.mx\/index.php\/wp-json\/wp\/v2\/posts\/68473\/revisions\/68475"}],"wp:featuredmedia":[{"embeddable":true,"href":"https:\/\/nvnoticias.mx\/index.php\/wp-json\/wp\/v2\/media\/68474"}],"wp:attachment":[{"href":"https:\/\/nvnoticias.mx\/index.php\/wp-json\/wp\/v2\/media?parent=68473"}],"wp:term":[{"taxonomy":"category","embeddable":true,"href":"https:\/\/nvnoticias.mx\/index.php\/wp-json\/wp\/v2\/categories?post=68473"},{"taxonomy":"post_tag","embeddable":true,"href":"https:\/\/nvnoticias.mx\/index.php\/wp-json\/wp\/v2\/tags?post=68473"}],"curies":[{"name":"wp","href":"https:\/\/api.w.org\/{rel}","templated":true}]}}