{"id":6845,"date":"2021-03-07T16:55:09","date_gmt":"2021-03-07T22:55:09","guid":{"rendered":"https:\/\/nvnoticias.mx\/?p=6845"},"modified":"2021-03-07T16:57:44","modified_gmt":"2021-03-07T22:57:44","slug":"convocan-a-paro-nacional-de-mujeres","status":"publish","type":"post","link":"https:\/\/nvnoticias.mx\/index.php\/2021\/03\/07\/convocan-a-paro-nacional-de-mujeres\/","title":{"rendered":"Convocan este 9 de marzo a paro nacional de mujeres"},"content":{"rendered":"\n<p>A trav\u00e9s de sus redes sociales, la Colectiva Feminista &#8220;Brujas del Mar&#8221;, convoc\u00f3 a un paro nacional este martes 9 de marzo. Esta ser\u00eda la segunda ocasi\u00f3n que se realiza dicho paro.<\/p>\n\n\n\n<p>En este paro, se convoca a que las mujeres no asistan a trabajar, a tomar sus clases, a andar en la calle, a estar cuidando, ni comprando.<\/p>\n\n\n\n<figure class=\"wp-block-embed aligncenter is-type-rich is-provider-twitter wp-block-embed-twitter\"><div class=\"wp-block-embed__wrapper\">\n<blockquote class=\"twitter-tweet\" data-width=\"550\" data-dnt=\"true\"><p lang=\"es\" dir=\"ltr\">Si no nos quieren escuchar, produzcan sin nosotras.<br><br>NI UNA MUJER EN LA CALLE<br>NI UNA MUJER CUIDANDO<br>NI UNA MUJER ESTUDIANDO<br>NI UNA MUJER TRABAJANDO<br>NI UNA MUJER COMPRANDO<br><br>Nos sumamos:<br>Segundo Paro Nacional de Mujeres.<a href=\"https:\/\/twitter.com\/hashtag\/UnD%C3%ADaSinNosotras?src=hash&amp;ref_src=twsrc%5Etfw\">#UnD\u00edaSinNosotras<\/a> <a href=\"https:\/\/twitter.com\/hashtag\/9M?src=hash&amp;ref_src=twsrc%5Etfw\">#9M<\/a> <a href=\"https:\/\/t.co\/BdfDhAwFQh\">pic.twitter.com\/BdfDhAwFQh<\/a><\/p>&mdash; Las brujas del mar (@brujasdelmar) <a href=\"https:\/\/twitter.com\/brujasdelmar\/status\/1368228393444114437?ref_src=twsrc%5Etfw\">March 6, 2021<\/a><\/blockquote><script async src=\"https:\/\/platform.twitter.com\/widgets.js\" charset=\"utf-8\"><\/script>\n<\/div><\/figure>\n\n\n\n<p>En tanto, la Colectiva Feminista se encuentra organizando para este lunes 8 de marzo en punto de las 5:00 p.m., en el marco del &#8220;D\u00eda de la Mujer&#8221;, partiendo en el asta bandera ubicado en el boulevard Manuel \u00c1vila Camacho, de ah\u00ed la cadena se extender\u00e1 con direcci\u00f3n al Malec\u00f3n y Plaza Am\u00e9ricas con el objetivo de cubrir 10 kil\u00f3metros.<\/p>\n\n\n\n<p>Invitaron a que las mujeres que asistan lleven vestimenta negra, morada o blanca, portar cubrebocas y careta, adem\u00e1s de que pueden llevar pancartas, lonas, letreros y un list\u00f3n morado de 1.30 a 2 metros para ayudar a mantener la sana distancia.<\/p>\n\n\n\n<div class=\"wp-block-image\"><figure class=\"aligncenter size-large\"><img loading=\"lazy\" decoding=\"async\" width=\"1024\" height=\"1024\" src=\"https:\/\/nvnoticias.mx\/wp-content\/uploads\/2021\/03\/154052833_500865801305547_2576333137662348009_o-1024x1024.jpg\" alt=\"\" class=\"wp-image-6846\" srcset=\"https:\/\/nvnoticias.mx\/wp-content\/uploads\/2021\/03\/154052833_500865801305547_2576333137662348009_o-1024x1024.jpg 1024w, https:\/\/nvnoticias.mx\/wp-content\/uploads\/2021\/03\/154052833_500865801305547_2576333137662348009_o-300x300.jpg 300w, https:\/\/nvnoticias.mx\/wp-content\/uploads\/2021\/03\/154052833_500865801305547_2576333137662348009_o-150x150.jpg 150w, https:\/\/nvnoticias.mx\/wp-content\/uploads\/2021\/03\/154052833_500865801305547_2576333137662348009_o-768x768.jpg 768w, https:\/\/nvnoticias.mx\/wp-content\/uploads\/2021\/03\/154052833_500865801305547_2576333137662348009_o-600x600.jpg 600w, https:\/\/nvnoticias.mx\/wp-content\/uploads\/2021\/03\/154052833_500865801305547_2576333137662348009_o-100x100.jpg 100w, https:\/\/nvnoticias.mx\/wp-content\/uploads\/2021\/03\/154052833_500865801305547_2576333137662348009_o.jpg 1080w\" sizes=\"auto, (max-width: 1024px) 100vw, 1024px\" \/><figcaption>Imagen: Brujas del Mar (https:\/\/www.facebook.com\/brujasdelmar)<\/figcaption><\/figure><\/div>\n","protected":false},"excerpt":{"rendered":"<p>A trav\u00e9s de sus redes sociales, la Colectiva Feminista &#8220;Brujas del Mar&#8221;, convoc\u00f3 a un paro nacional este martes 9 de marzo. Esta ser\u00eda la segunda ocasi\u00f3n que se realiza dicho paro. En este paro, se convoca a que las mujeres no asistan a trabajar, a tomar sus clases, a andar en la calle, a [&hellip;]<\/p>\n","protected":false},"author":7,"featured_media":6847,"comment_status":"open","ping_status":"open","sticky":false,"template":"","format":"standard","meta":{"_monsterinsights_skip_tracking":false,"_monsterinsights_sitenote_active":false,"_monsterinsights_sitenote_note":"","_monsterinsights_sitenote_category":0,"footnotes":""},"categories":[154],"tags":[1452,1454,2067,1732,162],"class_list":["post-6845","post","type-post","status-publish","format-standard","has-post-thumbnail","hentry","category-veracruz","tag-brujas-del-mar","tag-colectiva-feminista","tag-dia-de-la-mujer","tag-marzo","tag-portada","wp-image-borders"],"amp_enabled":true,"_links":{"self":[{"href":"https:\/\/nvnoticias.mx\/index.php\/wp-json\/wp\/v2\/posts\/6845","targetHints":{"allow":["GET"]}}],"collection":[{"href":"https:\/\/nvnoticias.mx\/index.php\/wp-json\/wp\/v2\/posts"}],"about":[{"href":"https:\/\/nvnoticias.mx\/index.php\/wp-json\/wp\/v2\/types\/post"}],"author":[{"embeddable":true,"href":"https:\/\/nvnoticias.mx\/index.php\/wp-json\/wp\/v2\/users\/7"}],"replies":[{"embeddable":true,"href":"https:\/\/nvnoticias.mx\/index.php\/wp-json\/wp\/v2\/comments?post=6845"}],"version-history":[{"count":2,"href":"https:\/\/nvnoticias.mx\/index.php\/wp-json\/wp\/v2\/posts\/6845\/revisions"}],"predecessor-version":[{"id":6849,"href":"https:\/\/nvnoticias.mx\/index.php\/wp-json\/wp\/v2\/posts\/6845\/revisions\/6849"}],"wp:featuredmedia":[{"embeddable":true,"href":"https:\/\/nvnoticias.mx\/index.php\/wp-json\/wp\/v2\/media\/6847"}],"wp:attachment":[{"href":"https:\/\/nvnoticias.mx\/index.php\/wp-json\/wp\/v2\/media?parent=6845"}],"wp:term":[{"taxonomy":"category","embeddable":true,"href":"https:\/\/nvnoticias.mx\/index.php\/wp-json\/wp\/v2\/categories?post=6845"},{"taxonomy":"post_tag","embeddable":true,"href":"https:\/\/nvnoticias.mx\/index.php\/wp-json\/wp\/v2\/tags?post=6845"}],"curies":[{"name":"wp","href":"https:\/\/api.w.org\/{rel}","templated":true}]}}