{"id":68336,"date":"2022-08-04T13:08:58","date_gmt":"2022-08-04T18:08:58","guid":{"rendered":"https:\/\/nvnoticias.mx\/?p=68336"},"modified":"2022-08-04T13:10:38","modified_gmt":"2022-08-04T18:10:38","slug":"veracruz-registra-perdidas-en-actividad-agricola-e-industrial","status":"publish","type":"post","link":"https:\/\/nvnoticias.mx\/index.php\/2022\/08\/04\/veracruz-registra-perdidas-en-actividad-agricola-e-industrial\/","title":{"rendered":"Veracruz registra p\u00e9rdidas en actividad agr\u00edcola e industrial"},"content":{"rendered":"\n<p><strong>Sam Ojeda\u00a0\/ NV Noticias<\/strong><\/p>\n\n\n\n<p>Xalapa.- El Indicador Trimestral de la Actividad Econ\u00f3mica Estatal (ITAEE) se\u00f1ala que de enero a marzo en el estado de Veracruz hubo p\u00e9rdidas en la actividad del campo y la industria, con una ca\u00edda de 0.6 por ciento en las actividades primarias y un 2.6 en el sector secundario.<\/p>\n\n\n\n<p>El Instituto Nacional de Estad\u00edstica y Geograf\u00eda (INEGI) se\u00f1al\u00f3 que\u00a0 la actividad de la econom\u00eda en Veracruz apenas creci\u00f3 un 0.6 por ciento.<\/p>\n\n\n\n<p>En contraste\u00a0 el comercio y los servicios reportaron un repunte de 2.4 por ciento para dicho periodo del a\u00f1o.<\/p>\n\n\n\n<p>El informe advierte que la industria en el estado experimenta una racha negativa arrastrada desde el mes de diciembre, cuando cay\u00f3 6.4 por ciento con respecto a octubre y registr\u00f3 un ITAEE de 8.6 por ciento.<\/p>\n\n\n\n<p>El sector agr\u00edcola, uno de los m\u00e1s fuertes en la econom\u00eda, en diciembre de 2021 tuvo un incremento de 8.4 por ciento pero una contracci\u00f3n de 0.6 por ciento para marzo de este a\u00f1o.<\/p>\n\n\n\n<p>En el caso del sector comercio y servicios, en diciembre registr\u00f3 un ITAEE de 3.3 por ciento y para marzo de 2022 dicho indicador alcanz\u00f3 el 2.4 por ciento.<\/p>\n","protected":false},"excerpt":{"rendered":"<p>Sam Ojeda\u00a0\/ NV Noticias Xalapa.- El Indicador Trimestral de la Actividad Econ\u00f3mica Estatal (ITAEE) se\u00f1ala que de enero a marzo en el estado de Veracruz hubo p\u00e9rdidas en la actividad del campo y la industria, con una ca\u00edda de 0.6 por ciento en las actividades primarias y un 2.6 en el sector secundario. El Instituto [&hellip;]<\/p>\n","protected":false},"author":8,"featured_media":39266,"comment_status":"open","ping_status":"open","sticky":false,"template":"","format":"standard","meta":{"_monsterinsights_skip_tracking":false,"_monsterinsights_sitenote_active":false,"_monsterinsights_sitenote_note":"","_monsterinsights_sitenote_category":0,"footnotes":""},"categories":[156],"tags":[17993,17994,180],"class_list":["post-68336","post","type-post","status-publish","format-standard","has-post-thumbnail","hentry","category-estado","tag-actividad-agricola","tag-actividad-industrial","tag-veracruz","wp-image-borders"],"amp_enabled":true,"_links":{"self":[{"href":"https:\/\/nvnoticias.mx\/index.php\/wp-json\/wp\/v2\/posts\/68336","targetHints":{"allow":["GET"]}}],"collection":[{"href":"https:\/\/nvnoticias.mx\/index.php\/wp-json\/wp\/v2\/posts"}],"about":[{"href":"https:\/\/nvnoticias.mx\/index.php\/wp-json\/wp\/v2\/types\/post"}],"author":[{"embeddable":true,"href":"https:\/\/nvnoticias.mx\/index.php\/wp-json\/wp\/v2\/users\/8"}],"replies":[{"embeddable":true,"href":"https:\/\/nvnoticias.mx\/index.php\/wp-json\/wp\/v2\/comments?post=68336"}],"version-history":[{"count":2,"href":"https:\/\/nvnoticias.mx\/index.php\/wp-json\/wp\/v2\/posts\/68336\/revisions"}],"predecessor-version":[{"id":68339,"href":"https:\/\/nvnoticias.mx\/index.php\/wp-json\/wp\/v2\/posts\/68336\/revisions\/68339"}],"wp:featuredmedia":[{"embeddable":true,"href":"https:\/\/nvnoticias.mx\/index.php\/wp-json\/wp\/v2\/media\/39266"}],"wp:attachment":[{"href":"https:\/\/nvnoticias.mx\/index.php\/wp-json\/wp\/v2\/media?parent=68336"}],"wp:term":[{"taxonomy":"category","embeddable":true,"href":"https:\/\/nvnoticias.mx\/index.php\/wp-json\/wp\/v2\/categories?post=68336"},{"taxonomy":"post_tag","embeddable":true,"href":"https:\/\/nvnoticias.mx\/index.php\/wp-json\/wp\/v2\/tags?post=68336"}],"curies":[{"name":"wp","href":"https:\/\/api.w.org\/{rel}","templated":true}]}}