{"id":68329,"date":"2022-08-04T12:55:20","date_gmt":"2022-08-04T17:55:20","guid":{"rendered":"https:\/\/nvnoticias.mx\/?p=68329"},"modified":"2022-08-04T12:55:21","modified_gmt":"2022-08-04T17:55:21","slug":"redujo-la-siembra-de-maiz-50-por-ciento-en-veracruz","status":"publish","type":"post","link":"https:\/\/nvnoticias.mx\/index.php\/2022\/08\/04\/redujo-la-siembra-de-maiz-50-por-ciento-en-veracruz\/","title":{"rendered":"Redujo la siembra de ma\u00edz 50 por ciento en Veracruz"},"content":{"rendered":"\n<p><strong>Jes\u00fas Utrilla \/ NV Noticias<\/strong><\/p>\n\n\n\n<p>La siembra de ma\u00edz en el estado de Veracruz redujo 50 por ciento por el alto costo de los insumos. <\/p>\n\n\n\n<p>Ram\u00f3n Pino M\u00e9ndez, presidente del Consejo Veracruzano de Productores de Ma\u00edz, se\u00f1al\u00f3 que el alto precio de los insumos gener\u00f3 que se dejara de sembrar lo que se ten\u00eda proyectado y seguramente M\u00e9xico deber\u00e1 importar mayor cantidad de granos para solventar la demanda interna. <\/p>\n\n\n\n<p>Advirti\u00f3 que para los siguientes meses se espera una disminuci\u00f3n de la producci\u00f3n de alimentos por el incremento de los fertilizantes. <\/p>\n\n\n\n<blockquote class=\"wp-block-quote is-layout-flow wp-block-quote-is-layout-flow\"><p>\u201c<em>M\u00e9xico depende de la producci\u00f3n de ma\u00edz y nosotros tenemos un d\u00e9ficit en ma\u00edz blanco y amarillo. Las estad\u00edsticas nos indican que en ma\u00edz blanco estamos en los niveles adecuados pero el que se produce en M\u00e9xico por ser de muy buena calidad se vende a otros pa\u00edses y nos vemos obligados a comer ma\u00edz de mala calidad que viene importado<\/em>\u201d.<\/p><\/blockquote>\n\n\n\n<p>M\u00e9xico importa cerca de 23 millones de toneladas de ma\u00edz al a\u00f1o y se espera cerrar el a\u00f1o con 27 millones por la falta de producci\u00f3n nacional. <\/p>\n\n\n\n<p>Sin embargo, tambi\u00e9n habr\u00e1 mayor importaci\u00f3n de otros productos. La mayor parte de los fertilizantes llega de Rusia y Austria, que a niveles mundial producen el 80 por ciento, pero el encarecimiento del insumo provocar\u00e1 alza de precios y baja producci\u00f3n. <\/p>\n\n\n\n<blockquote class=\"wp-block-quote is-layout-flow wp-block-quote-is-layout-flow\"><p>\u201c<em>Recordemos que M\u00e9xico no nada m\u00e1s come ma\u00edz, tambi\u00e9n hay soya, frijol, trigo, sorgo para la planificaci\u00f3n e industria animal y todo eso se importa. Estamos en una situaci\u00f3n de desventaja fuerte y deber\u00eda decretarse una emergencia productiva y clim\u00e1tica<\/em>\u201d.<\/p><\/blockquote>\n\n\n\n<p>El costo de la siembra aument\u00f3 22 mil pesos por hect\u00e1rea por ello se ocup\u00f3 menor superficie (ahora cuesta 40 mil pesos por hect\u00e1rea).Confi\u00f3 que a final de sexenio haya mayor cobertura en la aplicaci\u00f3n de fertilizantes por las medidas anunciadas por el Gobierno Federal.<\/p>\n","protected":false},"excerpt":{"rendered":"<p>Jes\u00fas Utrilla \/ NV Noticias La siembra de ma\u00edz en el estado de Veracruz redujo 50 por ciento por el alto costo de los insumos. Ram\u00f3n Pino M\u00e9ndez, presidente del Consejo Veracruzano de Productores de Ma\u00edz, se\u00f1al\u00f3 que el alto precio de los insumos gener\u00f3 que se dejara de sembrar lo que se ten\u00eda proyectado [&hellip;]<\/p>\n","protected":false},"author":8,"featured_media":18180,"comment_status":"open","ping_status":"open","sticky":false,"template":"","format":"standard","meta":{"_monsterinsights_skip_tracking":false,"_monsterinsights_sitenote_active":false,"_monsterinsights_sitenote_note":"","_monsterinsights_sitenote_category":0,"footnotes":""},"categories":[154],"tags":[315,4922,180],"class_list":["post-68329","post","type-post","status-publish","format-standard","has-post-thumbnail","hentry","category-veracruz","tag-maiz","tag-siembra","tag-veracruz","wp-image-borders"],"amp_enabled":true,"_links":{"self":[{"href":"https:\/\/nvnoticias.mx\/index.php\/wp-json\/wp\/v2\/posts\/68329","targetHints":{"allow":["GET"]}}],"collection":[{"href":"https:\/\/nvnoticias.mx\/index.php\/wp-json\/wp\/v2\/posts"}],"about":[{"href":"https:\/\/nvnoticias.mx\/index.php\/wp-json\/wp\/v2\/types\/post"}],"author":[{"embeddable":true,"href":"https:\/\/nvnoticias.mx\/index.php\/wp-json\/wp\/v2\/users\/8"}],"replies":[{"embeddable":true,"href":"https:\/\/nvnoticias.mx\/index.php\/wp-json\/wp\/v2\/comments?post=68329"}],"version-history":[{"count":1,"href":"https:\/\/nvnoticias.mx\/index.php\/wp-json\/wp\/v2\/posts\/68329\/revisions"}],"predecessor-version":[{"id":68331,"href":"https:\/\/nvnoticias.mx\/index.php\/wp-json\/wp\/v2\/posts\/68329\/revisions\/68331"}],"wp:featuredmedia":[{"embeddable":true,"href":"https:\/\/nvnoticias.mx\/index.php\/wp-json\/wp\/v2\/media\/18180"}],"wp:attachment":[{"href":"https:\/\/nvnoticias.mx\/index.php\/wp-json\/wp\/v2\/media?parent=68329"}],"wp:term":[{"taxonomy":"category","embeddable":true,"href":"https:\/\/nvnoticias.mx\/index.php\/wp-json\/wp\/v2\/categories?post=68329"},{"taxonomy":"post_tag","embeddable":true,"href":"https:\/\/nvnoticias.mx\/index.php\/wp-json\/wp\/v2\/tags?post=68329"}],"curies":[{"name":"wp","href":"https:\/\/api.w.org\/{rel}","templated":true}]}}