{"id":68311,"date":"2022-08-04T11:26:56","date_gmt":"2022-08-04T16:26:56","guid":{"rendered":"https:\/\/nvnoticias.mx\/?p=68311"},"modified":"2022-08-04T11:26:57","modified_gmt":"2022-08-04T16:26:57","slug":"pide-amlo-a-pemex-y-cfe-prestar-bombas-de-agua-para-rescatar-a-mineros-en-coahuila","status":"publish","type":"post","link":"https:\/\/nvnoticias.mx\/index.php\/2022\/08\/04\/pide-amlo-a-pemex-y-cfe-prestar-bombas-de-agua-para-rescatar-a-mineros-en-coahuila\/","title":{"rendered":"Pide AMLO a Pemex y CFE prestar bombas de agua para rescatar a mineros en Coahuila"},"content":{"rendered":"\n<p>El presidente Andr\u00e9s Manuel L\u00f3pez Obrador pidi\u00f3 a los titulares de Pemex, a la Comisi\u00f3n Federal de Electricidad (CFE) y al gobierno de la Ciudad de M\u00e9xico y otros estados que presten bombas de agua al Ej\u00e9rcito, para contribuir con el rescate de los 10 mineros atrapados en el municipio de Sabinas, Coahuila.<\/p>\n\n\n\n<p> En La Ma\u00f1anera desde Palacio Nacional, el Presidente dijo que desea con toda su alma que se rescaten a los mineros.<\/p>\n\n\n\n<blockquote class=\"wp-block-quote is-layout-flow wp-block-quote-is-layout-flow\"><p>&#8220;Bombas grandes para sacar el agua bombas muy grandes que podamos llevar aprovechar el d\u00eda bien para avanzar aqu\u00ed en la conferencia es para tomar acuerdos y decisiones&#8221;, orden\u00f3. <\/p><\/blockquote>\n\n\n\n<p>Coment\u00f3 que ya est\u00e1 en marcha el Plan DNII a cargo del Ej\u00e9rcito, con la finalidad de coordinar el rescate de los trabajadores y\u00a0aprovech\u00f3 para enviar un mensaje, as\u00ed como un abrazo a los familiares de las v\u00edctimas.<\/p>\n\n\n\n<blockquote class=\"wp-block-quote is-layout-flow wp-block-quote-is-layout-flow\"><p> \u201cMandarles un abrazo a familiares, no hay que perder la fe, esperanza un abrazo fuerte y van a seguir contando con nosotros, no est\u00e1n solos&#8221;, afirm\u00f3. <\/p><\/blockquote>\n\n\n\n<p>Asimismo, L\u00f3pez Obrador pidi\u00f3 dejar para despu\u00e9s del rescate la informaci\u00f3n sobre los concesionarios de la mina y las condiciones en que estaba trabajando.<\/p>\n\n\n\n<blockquote class=\"wp-block-quote is-layout-flow wp-block-quote-is-layout-flow\"><p> \u201cLas investigaciones, responsables, permisos, inspecciones, todo eso lo estamos dejando para despu\u00e9s, ya tenemos la informaci\u00f3n b\u00e1sica sobre qui\u00e9nes tienen las minas, qui\u00e9nes exportaban, vend\u00edan el carb\u00f3n, no hablemos de eso ahora, vamos a buscar salvar a los mineros, a rescatarlos\u201d, coment\u00f3.<\/p><\/blockquote>\n\n\n\n<p>Fuente: <a href=\"https:\/\/www.milenio.com\/politica\/coahuila-amlo-pide-pemex-cdmx-prestar-bombas-agua-rescate\" data-type=\"URL\" data-id=\"https:\/\/www.milenio.com\/politica\/coahuila-amlo-pide-pemex-cdmx-prestar-bombas-agua-rescate\">Milenio<\/a><\/p>\n","protected":false},"excerpt":{"rendered":"<p>El presidente Andr\u00e9s Manuel L\u00f3pez Obrador pidi\u00f3 a los titulares de Pemex, a la Comisi\u00f3n Federal de Electricidad (CFE) y al gobierno de la Ciudad de M\u00e9xico y otros estados que presten bombas de agua al Ej\u00e9rcito, para contribuir con el rescate de los 10 mineros atrapados en el municipio de Sabinas, Coahuila. En La [&hellip;]<\/p>\n","protected":false},"author":35,"featured_media":57839,"comment_status":"open","ping_status":"open","sticky":false,"template":"","format":"standard","meta":{"_monsterinsights_skip_tracking":false,"_monsterinsights_sitenote_active":false,"_monsterinsights_sitenote_note":"","_monsterinsights_sitenote_category":0,"footnotes":""},"categories":[157],"tags":[594,188,17988,821,2337,9245,619,9741,17987,17971],"class_list":["post-68311","post","type-post","status-publish","format-standard","has-post-thumbnail","hentry","category-nacional","tag-agua","tag-amlo","tag-bombas","tag-cfe","tag-coahuila","tag-mineros","tag-pemex","tag-pide","tag-prestar","tag-rescatar","wp-image-borders"],"amp_enabled":true,"_links":{"self":[{"href":"https:\/\/nvnoticias.mx\/index.php\/wp-json\/wp\/v2\/posts\/68311","targetHints":{"allow":["GET"]}}],"collection":[{"href":"https:\/\/nvnoticias.mx\/index.php\/wp-json\/wp\/v2\/posts"}],"about":[{"href":"https:\/\/nvnoticias.mx\/index.php\/wp-json\/wp\/v2\/types\/post"}],"author":[{"embeddable":true,"href":"https:\/\/nvnoticias.mx\/index.php\/wp-json\/wp\/v2\/users\/35"}],"replies":[{"embeddable":true,"href":"https:\/\/nvnoticias.mx\/index.php\/wp-json\/wp\/v2\/comments?post=68311"}],"version-history":[{"count":1,"href":"https:\/\/nvnoticias.mx\/index.php\/wp-json\/wp\/v2\/posts\/68311\/revisions"}],"predecessor-version":[{"id":68312,"href":"https:\/\/nvnoticias.mx\/index.php\/wp-json\/wp\/v2\/posts\/68311\/revisions\/68312"}],"wp:featuredmedia":[{"embeddable":true,"href":"https:\/\/nvnoticias.mx\/index.php\/wp-json\/wp\/v2\/media\/57839"}],"wp:attachment":[{"href":"https:\/\/nvnoticias.mx\/index.php\/wp-json\/wp\/v2\/media?parent=68311"}],"wp:term":[{"taxonomy":"category","embeddable":true,"href":"https:\/\/nvnoticias.mx\/index.php\/wp-json\/wp\/v2\/categories?post=68311"},{"taxonomy":"post_tag","embeddable":true,"href":"https:\/\/nvnoticias.mx\/index.php\/wp-json\/wp\/v2\/tags?post=68311"}],"curies":[{"name":"wp","href":"https:\/\/api.w.org\/{rel}","templated":true}]}}