{"id":68305,"date":"2022-08-04T11:11:29","date_gmt":"2022-08-04T16:11:29","guid":{"rendered":"https:\/\/nvnoticias.mx\/?p=68305"},"modified":"2022-08-04T11:11:30","modified_gmt":"2022-08-04T16:11:30","slug":"demanda-en-eu-revelo-impacto-de-comercio-negligente-de-armas-en-mexico-sre","status":"publish","type":"post","link":"https:\/\/nvnoticias.mx\/index.php\/2022\/08\/04\/demanda-en-eu-revelo-impacto-de-comercio-negligente-de-armas-en-mexico-sre\/","title":{"rendered":"Demanda en EU revel\u00f3 impacto de comercio negligente de armas en M\u00e9xico: SRE"},"content":{"rendered":"\n<p>A un a\u00f1o de haber sido presentada, la demanda civil que M\u00e9xico entabl\u00f3 contra ocho fabricantes de armas, que adem\u00e1s de buscar una reparaci\u00f3n del da\u00f1o, que podr\u00eda ser de hasta 16 mil millones de d\u00f3lares, busca un cambio en las pr\u00e1cticas de mercadeo de las armer\u00edas, ha cosechado varios logros seg\u00fan el consejero jur\u00eddico de la Secretar\u00eda de Relaciones Exteriores, Alejandro Celorio. <\/p>\n\n\n\n<blockquote class=\"wp-block-quote is-layout-flow wp-block-quote-is-layout-flow\"><p>\u201cLa mayor victoria de este a\u00f1o es que en Estados Unidos se sabe por primera vez el impacto que tiene su comercio en la violencia en M\u00e9xico (\u2026) otra victoria que reconocer: ya hay canales de comunicaci\u00f3n entre la sociedad estadunidense y la sociedad mexicana exigiendo que pare el comercio irresponsable de armas. Porque con la misma facilidad con que un agresor en un escuela, en una iglesia, en un hospital, puede adquirir un arma, con la misma facilidad la puede adquirir un traficante que despu\u00e9s la traer\u00e1 a M\u00e9xico para causar da\u00f1o\u201d, dijo en entrevista.<\/p><\/blockquote>\n\n\n\n<p>El&nbsp;<strong>optimismo en la canciller\u00eda<\/strong>&nbsp;es evidente: la experiencia jur\u00eddica y el compromiso con el combate al tr\u00e1fico de armas en la Secretar\u00eda de&nbsp;<strong>Relaciones Exteriores<\/strong>, y el&nbsp;<strong>gobierno de M\u00e9xico<\/strong>, mantienen un buen \u00e1nimo mientras se espera a que el juez que lleva el caso,&nbsp;<strong>Dennis Saylor<\/strong>, decida que la demanda&nbsp;<strong>seguir\u00e1 su curso rumbo a un juicio<\/strong>, o si se desestimar\u00e1, como lo solicitan las armer\u00edas: \u201cs\u00ed, bueno, como litigante si ganas 50, 100 demandas seguidas, pues te empiezas a confiar, \u00bfno?, pero estas empresas nunca hab\u00edan enfrentado al gobierno de M\u00e9xico.\u201d<\/p>\n\n\n\n<p>El 3 de agosto de 2019 un joven con camiseta negra, protectores auditivos y un cuerno de chivo\u00a0<strong>desat\u00f3 el infierno en un Walmart en El Paso, Texas<\/strong>.\u00a0<strong>Patrick Crusius<\/strong>\u00a0admiti\u00f3 que iba a \u201cmatar a tantos mexicanos como fuera posible.\u201d Entonces el\u00a0<strong>canciller Marcelo Ebrard<\/strong>\u00a0decidi\u00f3 que era suficiente y llam\u00f3 a la consultor\u00eda jur\u00eddica de la\u00a0<strong>Secretar\u00eda de Relaciones Exteriores\u00a0<\/strong>para tomar cartas en el asunto. La idea de una demanda civil vino del consejero jur\u00eddico.<\/p>\n\n\n\n<p><strong>Celorio<\/strong>, el cerebro detr\u00e1s de esta acci\u00f3n civil, se sent\u00f3 con&nbsp;<strong>MILENIO<\/strong>&nbsp;para hacer un balance de los logros a un a\u00f1o de su presentaci\u00f3n:<\/p>\n\n\n\n<blockquote class=\"wp-block-quote is-layout-flow wp-block-quote-is-layout-flow\"><p>\u201cDifundir mucho los elementos de la demanda, y a un a\u00f1o, ya me parece que hemos avanzado mucho que la persona com\u00fan y corriente puede decir: &#8216;pues s\u00ed, las armas vienen de&nbsp;<strong>Estados Unidos<\/strong>&nbsp;porque en M\u00e9xico s\u00f3lo hay una oficina&nbsp;<strong>donde se puede pedir el permiso y despu\u00e9s adquirir un arma, administrada por la Sedena<\/strong>&#8216;. Esa es la mayor victoria que se ha obtenido, que ya ha ca\u00eddo este velo de ignorancia, de oscuridad, respecto al&nbsp;<strong>tr\u00e1fico il\u00edcito&nbsp;<\/strong>y ahora cada vez son m\u00e1s las voces que reclaman que el comercio sea m\u00e1s responsable\u201d, dijo en entrevista.<\/p><\/blockquote>\n\n\n\n<p>Durante la preparaci\u00f3n de la demanda, que estuvo en el horno por dos a\u00f1os,\u00a0se atraves\u00f3 el culiacanazo. Ese 17 de octubre de 2019, sicarios del\u00a0<strong>C\u00e1rtel de Sinaloa\u00a0<\/strong>sitiaron\u00a0<strong>Culiac\u00e1n<\/strong>\u00a0para exigir la liberaci\u00f3n de uno de sus l\u00edderes. De ah\u00ed se parti\u00f3 con la idea de a qu\u00e9 empresas demandar, las firmas m\u00e1s grandes y encargadas de fabricar algunas de las armas favoritas del narco mexicano, como las\u00a0<strong>Barrett, Ak-47 y AR15<\/strong>.<\/p>\n\n\n\n<blockquote class=\"wp-block-quote is-layout-flow wp-block-quote-is-layout-flow\"><p>&#8220;Los primeros d\u00edas&nbsp;<strong>despu\u00e9s de presentar la demanda<\/strong>&nbsp;exist\u00eda desconfianza, desconocimiento, incredulidad, respecto al esfuerzo que est\u00e1bamos haciendo. Al final es una demanda muy sencilla, estamos como gobierno de M\u00e9xico exigi\u00e9ndole a unas empresas que nos resarzan en el da\u00f1o ocasionado por su comercio negligente e il\u00edcito&#8221;.<\/p><\/blockquote>\n\n\n\n<p>Las firmas, tan importantes como<strong>&nbsp;Barret, Glock, Beretta y Smith &amp; Wesson,<\/strong>&nbsp;aseguran, entre otras cosas, que&nbsp;<strong>M\u00e9xico<\/strong>&nbsp;carece&nbsp;<strong>tanto de jurisdicci\u00f3n como de argumentos&nbsp;<\/strong>para se\u00f1alarlos como culpables por la violencia con armas de fuego en&nbsp;<strong>M\u00e9xico<\/strong>&nbsp;y que, como los delitos son cometidos por terceros, ellos no tienen culpa alguna.<\/p>\n\n\n\n<p>La\u00a0<strong>columna vertebral<\/strong>\u00a0de la demanda mexicana se basa en tres principios de derecho. El primero, que la ley que aplica primero la mexicana, pues aqu\u00ed, donde ocurrieron los da\u00f1os, no existe la\u00a0<strong>Ley de Protecci\u00f3n del Comercio Legal de Armas<\/strong>, por lo que no aplica la inmunidad de las empresas invocan.<\/p>\n\n\n\n<p>Fuente: <a href=\"https:\/\/www.milenio.com\/politica\/demanda-eu-revelo-impacto-comercio-negligente-armas-mexico\" data-type=\"URL\" data-id=\"https:\/\/www.milenio.com\/politica\/demanda-eu-revelo-impacto-comercio-negligente-armas-mexico\">Milenio<\/a><\/p>\n","protected":false},"excerpt":{"rendered":"<p>A un a\u00f1o de haber sido presentada, la demanda civil que M\u00e9xico entabl\u00f3 contra ocho fabricantes de armas, que adem\u00e1s de buscar una reparaci\u00f3n del da\u00f1o, que podr\u00eda ser de hasta 16 mil millones de d\u00f3lares, busca un cambio en las pr\u00e1cticas de mercadeo de las armer\u00edas, ha cosechado varios logros seg\u00fan el consejero jur\u00eddico [&hellip;]<\/p>\n","protected":false},"author":35,"featured_media":65147,"comment_status":"open","ping_status":"open","sticky":false,"template":"","format":"standard","meta":{"_monsterinsights_skip_tracking":false,"_monsterinsights_sitenote_active":false,"_monsterinsights_sitenote_note":"","_monsterinsights_sitenote_category":0,"footnotes":""},"categories":[158],"tags":[2672,1968,701,183,8786,17984,5627],"class_list":["post-68305","post","type-post","status-publish","format-standard","has-post-thumbnail","hentry","category-politica","tag-armas","tag-comercio","tag-demanda","tag-estados-unidos","tag-impacto","tag-negligente","tag-sre","wp-image-borders"],"amp_enabled":true,"_links":{"self":[{"href":"https:\/\/nvnoticias.mx\/index.php\/wp-json\/wp\/v2\/posts\/68305","targetHints":{"allow":["GET"]}}],"collection":[{"href":"https:\/\/nvnoticias.mx\/index.php\/wp-json\/wp\/v2\/posts"}],"about":[{"href":"https:\/\/nvnoticias.mx\/index.php\/wp-json\/wp\/v2\/types\/post"}],"author":[{"embeddable":true,"href":"https:\/\/nvnoticias.mx\/index.php\/wp-json\/wp\/v2\/users\/35"}],"replies":[{"embeddable":true,"href":"https:\/\/nvnoticias.mx\/index.php\/wp-json\/wp\/v2\/comments?post=68305"}],"version-history":[{"count":1,"href":"https:\/\/nvnoticias.mx\/index.php\/wp-json\/wp\/v2\/posts\/68305\/revisions"}],"predecessor-version":[{"id":68306,"href":"https:\/\/nvnoticias.mx\/index.php\/wp-json\/wp\/v2\/posts\/68305\/revisions\/68306"}],"wp:featuredmedia":[{"embeddable":true,"href":"https:\/\/nvnoticias.mx\/index.php\/wp-json\/wp\/v2\/media\/65147"}],"wp:attachment":[{"href":"https:\/\/nvnoticias.mx\/index.php\/wp-json\/wp\/v2\/media?parent=68305"}],"wp:term":[{"taxonomy":"category","embeddable":true,"href":"https:\/\/nvnoticias.mx\/index.php\/wp-json\/wp\/v2\/categories?post=68305"},{"taxonomy":"post_tag","embeddable":true,"href":"https:\/\/nvnoticias.mx\/index.php\/wp-json\/wp\/v2\/tags?post=68305"}],"curies":[{"name":"wp","href":"https:\/\/api.w.org\/{rel}","templated":true}]}}