{"id":68215,"date":"2022-08-03T15:44:27","date_gmt":"2022-08-03T20:44:27","guid":{"rendered":"https:\/\/nvnoticias.mx\/?p=68215"},"modified":"2022-08-03T15:44:28","modified_gmt":"2022-08-03T20:44:28","slug":"no-me-sumo-al-clima-de-linchamiento-de-pena-nieto-monreal","status":"publish","type":"post","link":"https:\/\/nvnoticias.mx\/index.php\/2022\/08\/03\/no-me-sumo-al-clima-de-linchamiento-de-pena-nieto-monreal\/","title":{"rendered":"No me sumo al clima de linchamiento de Pe\u00f1a Nieto: Monreal"},"content":{"rendered":"\n<p>El coordinador de los senadores de Morena, Ricardo Monreal, asegur\u00f3 que no se sumar\u00e1 al linchamiento en contra del expresidente Enrique Pe\u00f1a Nieto, quiene es investigado por diversos delitos federales, como enriquecimiento il\u00edcito y lavado de dinero.<\/p>\n\n\n\n<blockquote class=\"wp-block-quote is-layout-flow wp-block-quote-is-layout-flow\"><p>\u201cVoy a defender siempre el principio de presunci\u00f3n de inocencia y no me sumo al clima de linchamiento de nadie, de nadie, de donde vengan, porque yo he sido v\u00edctima de eso y no voy a hacer lo mismo ahora que soy mayor\u00eda legislativa\u201d, dijo el morenista.<\/p><\/blockquote>\n\n\n\n<p>Tras inaugurar la exposici\u00f3n fotogr\u00e1fica&nbsp;<em>M\u00e1s Cerca de Ti<\/em>, del Ej\u00e9rcito mexicano y la Fuerza \u00c1rea en el Senado, coment\u00f3 que esperar\u00e1 que la justicia se aplique en este caso, pues dijo que es el Ministerio P\u00fablico es quien debe determinar el grado de responsabilidad que pudiera tener el exmandatario.<\/p>\n\n\n\n<blockquote class=\"wp-block-quote is-layout-flow wp-block-quote-is-layout-flow\"><p>\u201cMe parece que este tipo de procesos deber\u00eda de llevarse a cabo en los tribunales, en el Ministerio P\u00fablico y no en tribunales de medios. No creo que sea lo correcto\u201d, enfatiz\u00f3.<\/p><\/blockquote>\n\n\n\n<p>Ayer la Fiscal\u00eda General de la Rep\u00fablica (FGR) inform\u00f3 que carpetas de investigaci\u00f3n en contra del expresidente Enrique Pe\u00f1a Nieto, una por el caso OHL, otra por lavado de dinero y transferencias internacionales ilegales y una m\u00e1s por enriquecimiento il\u00edcito.<\/p>\n\n\n\n<p>Fuente: <a href=\"https:\/\/www.forbes.com.mx\/no-me-sumo-al-clima-de-linchamiento-de-pena-nieto-monreal\/\" data-type=\"URL\" data-id=\"https:\/\/www.forbes.com.mx\/no-me-sumo-al-clima-de-linchamiento-de-pena-nieto-monreal\/\">Milenio<\/a><\/p>\n","protected":false},"excerpt":{"rendered":"<p>El coordinador de los senadores de Morena, Ricardo Monreal, asegur\u00f3 que no se sumar\u00e1 al linchamiento en contra del expresidente Enrique Pe\u00f1a Nieto, quiene es investigado por diversos delitos federales, como enriquecimiento il\u00edcito y lavado de dinero. \u201cVoy a defender siempre el principio de presunci\u00f3n de inocencia y no me sumo al clima de linchamiento [&hellip;]<\/p>\n","protected":false},"author":35,"featured_media":63786,"comment_status":"open","ping_status":"open","sticky":false,"template":"","format":"standard","meta":{"_monsterinsights_skip_tracking":false,"_monsterinsights_sitenote_active":false,"_monsterinsights_sitenote_note":"","_monsterinsights_sitenote_category":0,"footnotes":""},"categories":[158],"tags":[2796,600],"class_list":["post-68215","post","type-post","status-publish","format-standard","has-post-thumbnail","hentry","category-politica","tag-enrique-pena-nieto","tag-ricardo-monreal","wp-image-borders"],"amp_enabled":true,"_links":{"self":[{"href":"https:\/\/nvnoticias.mx\/index.php\/wp-json\/wp\/v2\/posts\/68215","targetHints":{"allow":["GET"]}}],"collection":[{"href":"https:\/\/nvnoticias.mx\/index.php\/wp-json\/wp\/v2\/posts"}],"about":[{"href":"https:\/\/nvnoticias.mx\/index.php\/wp-json\/wp\/v2\/types\/post"}],"author":[{"embeddable":true,"href":"https:\/\/nvnoticias.mx\/index.php\/wp-json\/wp\/v2\/users\/35"}],"replies":[{"embeddable":true,"href":"https:\/\/nvnoticias.mx\/index.php\/wp-json\/wp\/v2\/comments?post=68215"}],"version-history":[{"count":1,"href":"https:\/\/nvnoticias.mx\/index.php\/wp-json\/wp\/v2\/posts\/68215\/revisions"}],"predecessor-version":[{"id":68218,"href":"https:\/\/nvnoticias.mx\/index.php\/wp-json\/wp\/v2\/posts\/68215\/revisions\/68218"}],"wp:featuredmedia":[{"embeddable":true,"href":"https:\/\/nvnoticias.mx\/index.php\/wp-json\/wp\/v2\/media\/63786"}],"wp:attachment":[{"href":"https:\/\/nvnoticias.mx\/index.php\/wp-json\/wp\/v2\/media?parent=68215"}],"wp:term":[{"taxonomy":"category","embeddable":true,"href":"https:\/\/nvnoticias.mx\/index.php\/wp-json\/wp\/v2\/categories?post=68215"},{"taxonomy":"post_tag","embeddable":true,"href":"https:\/\/nvnoticias.mx\/index.php\/wp-json\/wp\/v2\/tags?post=68215"}],"curies":[{"name":"wp","href":"https:\/\/api.w.org\/{rel}","templated":true}]}}