{"id":68189,"date":"2022-08-03T13:39:32","date_gmt":"2022-08-03T18:39:32","guid":{"rendered":"https:\/\/nvnoticias.mx\/?p=68189"},"modified":"2022-08-03T16:33:38","modified_gmt":"2022-08-03T21:33:38","slug":"realizan-la-primera-feria-regional-sbc-2022","status":"publish","type":"post","link":"https:\/\/nvnoticias.mx\/index.php\/2022\/08\/03\/realizan-la-primera-feria-regional-sbc-2022\/","title":{"rendered":"Realizan la Primera Feria Regional SBC 2022"},"content":{"rendered":"\n<p><strong>Jes\u00fas Utrilla | NV Noticias<\/strong><\/p>\n\n\n\n<p>Realizan la Primera Feria Regional SBC 2022,<\/p>\n\n\n\n<p>Mar\u00eda Esther Fragoso Ter\u00e1n, directora de la Competencia Social Business Creation, se\u00f1al\u00f3 que agrupa a 26 pa\u00edses y la Universidad Veracruzana ha participado con 42 proyectos,&nbsp;&nbsp;la fecha.<\/p>\n\n\n\n<p>En el evento del Foro Boca se presentaron nueve proyectos, que buscan impulsar los objetivos de desarrollo sostenible de la ONU.<\/p>\n\n\n\n<blockquote class=\"wp-block-quote is-layout-flow wp-block-quote-is-layout-flow\"><p>\u201cDesde la salud, hambre cero, desarrollo, sustentabilidad, reutilizaci\u00f3n de recursos, manejo de desechos, en agua, entre otros\u201d.<\/p><\/blockquote>\n\n\n\n<p>La feria que se llev\u00f3 a cabo en el Foro Boca, busca dar a conocer los proyectos de emprendimiento social desarrollados por alumnos y docentes de la Universidad Veracruzana, para generar alianzas estrat\u00e9gicas para sacarlos adelante.<\/p>\n\n\n\n<blockquote class=\"wp-block-quote is-layout-flow wp-block-quote-is-layout-flow\"><p>\u201cLos proyectos van pasando en evaluaci\u00f3n a nivel internacional. Este es un ensayo ya que el 8 de agosto es la competencia global por eso la importancia de tener empresas este d\u00eda para que los estudiantes mejoren\u201d.&nbsp;<\/p><\/blockquote>\n\n\n\n<p>Los proyectos son variados y todos est\u00e1n enfocados a impulsar los objetivos de desarrollo sostenible de la ONU.<\/p>\n","protected":false},"excerpt":{"rendered":"<p>Jes\u00fas Utrilla | NV Noticias Realizan la Primera Feria Regional SBC 2022, Mar\u00eda Esther Fragoso Ter\u00e1n, directora de la Competencia Social Business Creation, se\u00f1al\u00f3 que agrupa a 26 pa\u00edses y la Universidad Veracruzana ha participado con 42 proyectos,&nbsp;&nbsp;la fecha. En el evento del Foro Boca se presentaron nueve proyectos, que buscan impulsar los objetivos de [&hellip;]<\/p>\n","protected":false},"author":35,"featured_media":68190,"comment_status":"open","ping_status":"open","sticky":false,"template":"","format":"standard","meta":{"_monsterinsights_skip_tracking":false,"_monsterinsights_sitenote_active":false,"_monsterinsights_sitenote_note":"","_monsterinsights_sitenote_category":0,"footnotes":""},"categories":[154],"tags":[17959,8929],"class_list":["post-68189","post","type-post","status-publish","format-standard","has-post-thumbnail","hentry","category-veracruz","tag-primera-feria-regional-sbc-2022","tag-realizan","wp-image-borders"],"amp_enabled":true,"_links":{"self":[{"href":"https:\/\/nvnoticias.mx\/index.php\/wp-json\/wp\/v2\/posts\/68189","targetHints":{"allow":["GET"]}}],"collection":[{"href":"https:\/\/nvnoticias.mx\/index.php\/wp-json\/wp\/v2\/posts"}],"about":[{"href":"https:\/\/nvnoticias.mx\/index.php\/wp-json\/wp\/v2\/types\/post"}],"author":[{"embeddable":true,"href":"https:\/\/nvnoticias.mx\/index.php\/wp-json\/wp\/v2\/users\/35"}],"replies":[{"embeddable":true,"href":"https:\/\/nvnoticias.mx\/index.php\/wp-json\/wp\/v2\/comments?post=68189"}],"version-history":[{"count":2,"href":"https:\/\/nvnoticias.mx\/index.php\/wp-json\/wp\/v2\/posts\/68189\/revisions"}],"predecessor-version":[{"id":68246,"href":"https:\/\/nvnoticias.mx\/index.php\/wp-json\/wp\/v2\/posts\/68189\/revisions\/68246"}],"wp:featuredmedia":[{"embeddable":true,"href":"https:\/\/nvnoticias.mx\/index.php\/wp-json\/wp\/v2\/media\/68190"}],"wp:attachment":[{"href":"https:\/\/nvnoticias.mx\/index.php\/wp-json\/wp\/v2\/media?parent=68189"}],"wp:term":[{"taxonomy":"category","embeddable":true,"href":"https:\/\/nvnoticias.mx\/index.php\/wp-json\/wp\/v2\/categories?post=68189"},{"taxonomy":"post_tag","embeddable":true,"href":"https:\/\/nvnoticias.mx\/index.php\/wp-json\/wp\/v2\/tags?post=68189"}],"curies":[{"name":"wp","href":"https:\/\/api.w.org\/{rel}","templated":true}]}}