{"id":6794,"date":"2021-03-06T11:31:42","date_gmt":"2021-03-06T17:31:42","guid":{"rendered":"https:\/\/nvnoticias.mx\/?p=6794"},"modified":"2021-03-06T11:31:43","modified_gmt":"2021-03-06T17:31:43","slug":"piden-transportistas-reforzamiento-de-la-seguridad","status":"publish","type":"post","link":"https:\/\/nvnoticias.mx\/index.php\/2021\/03\/06\/piden-transportistas-reforzamiento-de-la-seguridad\/","title":{"rendered":"Piden transportistas reforzamiento de la seguridad"},"content":{"rendered":"\n<p><strong>Jes\u00fas Utrilla \/ NV Noticias<\/strong><\/p>\n\n\n\n<p>Veracruz. -Transportistas adheridos a la AMOTAC se sumaron a las peticiones de reforzamiento de la seguridad en carreteras del pa\u00eds.<\/p>\n\n\n\n<p>Rafael Ortiz Pacheco, presidente nacional de la Alianza Mexicana de Organizaci\u00f3n de Transportistas A.C. (AMOTAC), consider\u00f3 que las condiciones no han cambiado de 2020 a la fecha y se\u00f1al\u00f3 que los asaltos se mantienen en las carreteras de Nautla, Orizaba, Ciudad Mendoza, Maltrata y en la parte colindante con La Esperanza.<\/p>\n\n\n\n<p>Adem\u00e1s de la carga se llevan las unidades completas.<\/p>\n\n\n\n<blockquote class=\"wp-block-quote is-layout-flow wp-block-quote-is-layout-flow\"><p>\u201cTe roban la mercanc\u00eda y no vemos acci\u00f3n fuerte para frenar esto. Seguimos defendi\u00e9ndonos\u201d.<\/p><\/blockquote>\n\n\n\n<p>Admiti\u00f3 que en ocasiones recuperan las unidades, sin embargo, tienen que erogar fuertes cantidades en las gr\u00faas y la p\u00e9rdida es mayor.<\/p>\n\n\n\n<p>A su parecer deben efectuarse adecuaciones en los operativos y pol\u00edticas que aplican en el tema de seguridad en v\u00edas de comunicaci\u00f3n.<\/p>\n\n\n\n<blockquote class=\"wp-block-quote is-layout-flow wp-block-quote-is-layout-flow\"><p>\u201cCuando se recupera un cami\u00f3n robado las gr\u00faas piden cantidades exageradas. Lo hemos estado denunciando. Hay reuniones, pero no avanza y ponen de pretexto la pandemia para no actuar\u201d.<\/p><\/blockquote>\n\n\n\n<p>Dijo que es importante que los puestos clave en materia de seguridad sean ocupados por personas que re\u00fanan el perfil y no por pagar favores pol\u00edticos.<\/p>\n\n\n\n<blockquote class=\"wp-block-quote is-layout-flow wp-block-quote-is-layout-flow\"><p>\u201cEl problema del transporte no es f\u00e1cil de resolver de la noche a la ma\u00f1ana y m\u00e1s cuando se cambian funcionarios como la seguridad. Se nombran alcaldes o gobernadores y a su vez contratan amigos y compadres\u201d.<\/p><\/blockquote>\n\n\n\n<p>Finalmente opin\u00f3 sobre el proceso electoral y consider\u00f3 lamentable que se abandere a c\u00f3micos, artistas, deportistas y otras personas sin carrera pol\u00edtica o conocimiento en la materia, pues dicha inexperiencia se ver\u00e1 reflejada en las iniciativas que aprueben quienes queden como legisladores.<\/p>\n\n\n\n<blockquote class=\"wp-block-quote is-layout-flow wp-block-quote-is-layout-flow\"><p>\u201cSeguimos teniendo robos, asaltos y abusos de autoridad. Estamos en medio de un proceso electoral y vemos imposiciones de candidatos como artistas y c\u00f3micos que nada tienen que ver con la pol\u00edtica nacional, sin cultura de servicio. Falta seriedad en el pa\u00eds\u201d.<\/p><\/blockquote>\n","protected":false},"excerpt":{"rendered":"<p>Jes\u00fas Utrilla \/ NV Noticias Veracruz. -Transportistas adheridos a la AMOTAC se sumaron a las peticiones de reforzamiento de la seguridad en carreteras del pa\u00eds. Rafael Ortiz Pacheco, presidente nacional de la Alianza Mexicana de Organizaci\u00f3n de Transportistas A.C. (AMOTAC), consider\u00f3 que las condiciones no han cambiado de 2020 a la fecha y se\u00f1al\u00f3 que [&hellip;]<\/p>\n","protected":false},"author":6,"featured_media":6657,"comment_status":"open","ping_status":"open","sticky":false,"template":"","format":"standard","meta":{"_monsterinsights_skip_tracking":false,"_monsterinsights_sitenote_active":false,"_monsterinsights_sitenote_note":"","_monsterinsights_sitenote_category":0,"footnotes":""},"categories":[154],"tags":[840,805,709],"class_list":["post-6794","post","type-post","status-publish","format-standard","has-post-thumbnail","hentry","category-veracruz","tag-carreteras","tag-seguridad","tag-transportistas","wp-image-borders"],"amp_enabled":true,"_links":{"self":[{"href":"https:\/\/nvnoticias.mx\/index.php\/wp-json\/wp\/v2\/posts\/6794","targetHints":{"allow":["GET"]}}],"collection":[{"href":"https:\/\/nvnoticias.mx\/index.php\/wp-json\/wp\/v2\/posts"}],"about":[{"href":"https:\/\/nvnoticias.mx\/index.php\/wp-json\/wp\/v2\/types\/post"}],"author":[{"embeddable":true,"href":"https:\/\/nvnoticias.mx\/index.php\/wp-json\/wp\/v2\/users\/6"}],"replies":[{"embeddable":true,"href":"https:\/\/nvnoticias.mx\/index.php\/wp-json\/wp\/v2\/comments?post=6794"}],"version-history":[{"count":1,"href":"https:\/\/nvnoticias.mx\/index.php\/wp-json\/wp\/v2\/posts\/6794\/revisions"}],"predecessor-version":[{"id":6795,"href":"https:\/\/nvnoticias.mx\/index.php\/wp-json\/wp\/v2\/posts\/6794\/revisions\/6795"}],"wp:featuredmedia":[{"embeddable":true,"href":"https:\/\/nvnoticias.mx\/index.php\/wp-json\/wp\/v2\/media\/6657"}],"wp:attachment":[{"href":"https:\/\/nvnoticias.mx\/index.php\/wp-json\/wp\/v2\/media?parent=6794"}],"wp:term":[{"taxonomy":"category","embeddable":true,"href":"https:\/\/nvnoticias.mx\/index.php\/wp-json\/wp\/v2\/categories?post=6794"},{"taxonomy":"post_tag","embeddable":true,"href":"https:\/\/nvnoticias.mx\/index.php\/wp-json\/wp\/v2\/tags?post=6794"}],"curies":[{"name":"wp","href":"https:\/\/api.w.org\/{rel}","templated":true}]}}