{"id":67838,"date":"2022-08-01T14:29:38","date_gmt":"2022-08-01T19:29:38","guid":{"rendered":"https:\/\/nvnoticias.mx\/?p=67838"},"modified":"2022-08-01T14:29:39","modified_gmt":"2022-08-01T19:29:39","slug":"jugando-con-fuego","status":"publish","type":"post","link":"https:\/\/nvnoticias.mx\/index.php\/2022\/08\/01\/jugando-con-fuego\/","title":{"rendered":"Jugando con fuego"},"content":{"rendered":"\n<p><strong>Ricardo Homs<\/strong><\/p>\n\n\n\n<p>En cualquier parte del mundo civilizado la gente honorable respeta los acuerdos y compromisos firmados. Los gobiernos honorables tambi\u00e9n. M\u00e9xico siempre lo ha hecho.<\/p>\n\n\n\n<p>M\u00e1s all\u00e1 de considerar si tiene raz\u00f3n el presidente respecto al contenido de las cl\u00e1usulas del T- Mec que Estados Unidos y Canad\u00e1 cuestionan, el tema es el problema jur\u00eddico que se nos viene encima y que, -si no se negocia correctamente-, puede representar indemnizaciones que fluct\u00faan, -seg\u00fan estimaciones-, en un rango de entre 10 mil y 30 mil millones de d\u00f3lares.<\/p>\n\n\n\n<p>Adem\u00e1s, si los tribunales internacionales le dieran la raz\u00f3n a Estados Unidos y Canad\u00e1, no ser\u00eda improbable que los pa\u00edses de la Comunidad Europea pudiesen revisar sus propios tratados comerciales con M\u00e9xico y verificar como afectan las nuevas pol\u00edticas energ\u00e9ticas del presidente L\u00f3pez Obrador a las empresas europeas que ya han invertido en M\u00e9xico.<\/p>\n\n\n\n<p>El diputado federal Ildefonso Guajardo, -quien fuera el negociador en jefe del equipo del presidente Pe\u00f1a Nieto y representante del gobierno saliente -, ha rescatado la memoria de lo sucedido en esas fechas, pues las decisiones finales del T-Mec fueron tomadas por el gobierno entrante, siguiendo instrucciones directas del presidente electo L\u00f3pez Obrador, a trav\u00e9s de Jes\u00fas Seade.<\/p>\n\n\n\n<p>El cap\u00edtulo ocho del T-Mec, -relativo al tema energ\u00e9tico-, efectivamente dice que el petr\u00f3leo es de los mexicanos y aborda asuntos de la soberan\u00eda.<\/p>\n\n\n\n<p>Pero tambi\u00e9n define que si se hacen cambios, -que afecten a los inversionistas que ya pusieron su dinero en M\u00e9xico a partir de las condiciones jur\u00eddicas acordadas en la fecha de la firma de los acuerdos-, se tendr\u00edan que pagar indemnizaciones por los da\u00f1os generados por las nuevas disposiciones.<\/p>\n\n\n\n<p>Seg\u00fan consigna el diputado Guajardo en una conferencia de prensa realizada en Washington el 27 de agosto del 2018, Jes\u00fas Seade manifest\u00f3 el respaldo del nuevo gobierno al tratado y asegur\u00f3 que el presidente L\u00f3pez Obrador no echar\u00eda atr\u00e1s la reforma energ\u00e9tica. Tambi\u00e9n manifest\u00f3 el respeto al marco legal y eso inclu\u00eda los contratos firmados con inversionistas, con anterioridad.<\/p>\n\n\n\n<p>Lo sucedido en esa fase final de la negociaci\u00f3n del T-Mec, &#8211; y lo que ha ocurrido recientemente a partir de las nuevas pol\u00edticas energ\u00e9ticas que defiende el presidente-, refleja que no hay una comprensi\u00f3n profunda de los compromisos adquiridos en la firma de este importante tratado comercial. Seguramente en esa fecha hab\u00eda prisa por cerrar el acuerdo.<\/p>\n\n\n\n<p>Aun concediendo, -como una posibilidad-, que hubiese raz\u00f3n en la visi\u00f3n energ\u00e9tica de este gobierno, las formas no corresponden a la seriedad que debe proyectar un pa\u00eds frente a la comunidad internacional, en la cual tambi\u00e9n participan nuestros socios comerciales.<\/p>\n\n\n\n<p>Tomar actitudes retadoras y pendencieras para entretener al \u201crespetable p\u00fablico\u201d de casa, no se justifican.<\/p>\n\n\n\n<p>Se ha criticado el modo que tiene nuestro presidente de enfocar este tipo de diferencias que surgen en el \u00e1mbito internacional, a las cuales imprime un toque emocional y subjetivo.<\/p>\n\n\n\n<p>Por tanto, lo natural y l\u00f3gico es atribuir estos deslices al desconocimiento de los protocolos que rigen la diplomacia, en un contexto donde la discreci\u00f3n es una virtud y las \u201cformas son fondo\u201d, como describ\u00eda don Jes\u00fas Reyes Heroles a la pol\u00edtica.<\/p>\n\n\n\n<p>Sin embargo, la forma reiterada de hacer evidente su cercan\u00eda con Cuba y Venezuela, -reg\u00edmenes adversos al gobierno norteamericano-, y adem\u00e1s acusar a la administraci\u00f3n del presidente Biden de sabotaje a las obras prioritarias de la 4T, -apoyando a los mexicanos traidores-, nos lleva a considerar la posibilidad de que este juego sea una actitud deliberada para fijar distancia de nuestros socios y vecinos, para as\u00ed asumir el liderazgo de la corriente bolivariana.<\/p>\n\n\n\n<p>Si esto fuese as\u00ed\u2026 \u00bfQui\u00e9nes est\u00e1n influyendo en esta actitud presidencial?, ser\u00eda la pregunta central. \u00bfSer\u00e1n sus colaboradores, o quiz\u00e1 quienes presiden los gobiernos de los pa\u00edses adheridos al Foro de Sao Paulo?<\/p>\n\n\n\n<p>Jugar en las grandes ligas internacionales, -para un pa\u00eds como M\u00e9xico-, es una gran responsabilidad. Adem\u00e1s, poner en riesgo el dinero de todos los mexicanos para pagar costosas demandas internacionales, -dinero que se necesita para invertir en salud, seguridad p\u00fablica educaci\u00f3n y otras importantes necesidades-, resulta irresponsable, adem\u00e1s de incongruente con la pol\u00edtica de austeridad presupuestal que ya ha transitado de la austeridad republicana hasta llegar hoy a la pobreza franciscana.<\/p>\n\n\n\n<p>SADISMO<\/p>\n\n\n\n<p>Hoy, -ante el enfoque de impunidad que hay en la comisi\u00f3n de delitos-, est\u00e1n surgiendo creativamente formas s\u00e1dicas de matar.<\/p>\n\n\n\n<p>Ya van dos mujeres incineradas vivas s\u00f3lo en los \u00faltimos d\u00edas. A esto a\u00f1adimos el caso de la ni\u00f1a de once a\u00f1os quemada en un albergue de Tonal\u00e1, Jalisco. Sin embargo, de enero a junio de este a\u00f1o ya van 47 mujeres que han sido agredidas con fuego, -seg\u00fan las cifras oficiales-, m\u00e1s los casos no denunciados.<\/p>\n\n\n\n<p>La mayor\u00eda de ellas ya hab\u00eda intentado poner una denuncia en contra de sus agresores por acoso o violencia, pero las autoridades no registraron la demanda y no protegieron a las v\u00edctimas en posici\u00f3n vulnerable.<\/p>\n\n\n\n<p>Ahora que la muerte de Luz Raquel Padilla en Zapopan ha generado un esc\u00e1ndalo, las autoridades se manifiestan sorprendidas y niegan que ella haya presentado denuncias previas. Hasta dejan entrever la posibilidad de que esta tragedia haya sido un autoatentado. Por sentido com\u00fan quien pretende suicidarse lo hace de forma r\u00e1pida y sin dolor o sufrimiento, como lo es la muerte lenta por fuego.<\/p>\n\n\n\n<p>Por otra parte, la noticia dada a conocer por Milenio TV de como los operadores de gr\u00faas riegan aceite en las autopistas para generar accidentes, nos habla de una actitud criminal que hasta hace poco tiempo no exist\u00eda. Lo mismo podemos decir de quienes provocan accidentes de tr\u00e1ileres en las carreteras para desvalijarlos.<\/p>\n\n\n\n<p>Ante esto, el c\u00f3digo penal debe incluir como un agravante el sadismo en el modo de matar a alguien. Grave es asesinar, pero a\u00fan peor matarlo con sadismo.<\/p>\n\n\n\n<p>Tambi\u00e9n es momento de castigar como criminales a las autoridades que reciban petici\u00f3n de ayuda por amenazas y no hagan nada. Es una actitud criminal que no debe quedar sin castigo. La impunidad est\u00e1 estimulando la violencia contra las mujeres.<\/p>\n\n\n\n<p>Es complicado contrarrestar una tendencia social, pero muy f\u00e1cil iniciar castigando a los funcionarios que con su actitud irresponsable permiten que quede impune una agresi\u00f3n que puede provocar un feminicidio.<\/p>\n\n\n\n<p>TRATA LABORAL<\/p>\n\n\n\n<p>Seg\u00fan el ministro en retiro Jos\u00e9 Ram\u00f3n Coss\u00edo los m\u00e9dicos cubanos que ya se integraron a las actividades profesionales en nuestro pa\u00eds, incumplen la ley.<\/p>\n\n\n\n<p>Seg\u00fan la Ley Federal de Profesiones ellos debiesen revalidar sus estudios ante nuestras autoridades universitarias. Adem\u00e1s, deben contar con c\u00e9dula profesional y deben estar registrados ante el SAT. Deben tambi\u00e9n tener constancia de acreditaci\u00f3n del servicio social y constancia de haber realizado el internado, entre otros requisitos.<\/p>\n\n\n\n<p>Sin embargo, adem\u00e1s de lo anterior sigue pendiente de aclararse la acusaci\u00f3n de que quien recibe el salario de estos m\u00e9dicos es el gobierno cubano, quien solo les devuelve el 10% del monto total y otro diez por ciento, a su regreso a Cuba.<\/p>\n\n\n\n<p>Adem\u00e1s, -para que no soliciten asilo pol\u00edtico en el exterior-, su familia queda de reh\u00e9n en esa isla.<\/p>\n\n\n\n<p>Lo anterior significa un delito equiparable a la trata de personas con fines de explotaci\u00f3n laboral, -con caracter\u00edsticas de esclavitud-, delito cometido por el gobierno cubano.<\/p>\n\n\n\n<p>Es inentendible que quienes debiesen poner el ejemplo en cuanto al respeto a nuestro marco jur\u00eddico, sean quienes lo vulneran.<\/p>\n\n\n\n<p>AGUA Y SEGURIDAD NACIONAL<\/p>\n\n\n\n<p>Se ha dado a conocer que el grupo delictivo Los Ardillos est\u00e1n empezando a controlar en algunas zonas del Estado de Guerrero el suministro de agua para riego.<\/p>\n\n\n\n<p>Ahora que el agua se convierte en una prioridad para la sobrevivencia, este l\u00edquido vital empieza a despertar inter\u00e9s en el crimen organizado, igual que sucedi\u00f3 antes con hidrocarburos.<\/p>\n\n\n\n<p>\u00bfEsto no es asunto de seguridad nacional?&#8230; \u00bfNo es un tema de soberan\u00eda dejar el control de parte de nuestro territorio a la delincuencia organizada?<\/p>\n\n\n\n<p>Es importante la atenci\u00f3n inmediata a este asunto, -que es prioritario-, y ya no nos distraiga este gobierno con distractores que se convierten en \u201ccortinas de humo\u201d que ocultan la gravedad de los temas de seguridad p\u00fablica.<\/p>\n\n\n\n<p>Por cierto\u2026 \u00bfQui\u00e9n define lo que es seguridad nacional desde la perspectiva constitucional? \u00bfQu\u00e9 asuntos son tema de soberan\u00eda?<\/p>\n\n\n\n<p>Es tiempo de que la SCJN emita una resoluci\u00f3n al respecto, para evitar la manipulaci\u00f3n ling\u00fc\u00edstica \u201ca modo\u201d.<\/p>\n\n\n\n<p>\u00bfA usted qu\u00e9 le parece?<\/p>\n\n\n\n<p>Facebook: @Ricardo.Homs1<\/p>\n\n\n\n<p>Twitter: @homsricardo<\/p>\n\n\n\n<p>Linkedin: Ricardo Homs<\/p>\n\n\n\n<p>www.ricardohoms.com<\/p>\n","protected":false},"excerpt":{"rendered":"<p>Ricardo Homs En cualquier parte del mundo civilizado la gente honorable respeta los acuerdos y compromisos firmados. Los gobiernos honorables tambi\u00e9n. M\u00e9xico siempre lo ha hecho. M\u00e1s all\u00e1 de considerar si tiene raz\u00f3n el presidente respecto al contenido de las cl\u00e1usulas del T- Mec que Estados Unidos y Canad\u00e1 cuestionan, el tema es el problema [&hellip;]<\/p>\n","protected":false},"author":18,"featured_media":67840,"comment_status":"open","ping_status":"open","sticky":false,"template":"","format":"standard","meta":{"_monsterinsights_skip_tracking":false,"_monsterinsights_sitenote_active":false,"_monsterinsights_sitenote_note":"","_monsterinsights_sitenote_category":0,"footnotes":""},"categories":[246],"tags":[173],"class_list":["post-67838","post","type-post","status-publish","format-standard","has-post-thumbnail","hentry","category-ricardo-homs","tag-ricardo-homs","wp-image-borders"],"amp_enabled":true,"_links":{"self":[{"href":"https:\/\/nvnoticias.mx\/index.php\/wp-json\/wp\/v2\/posts\/67838","targetHints":{"allow":["GET"]}}],"collection":[{"href":"https:\/\/nvnoticias.mx\/index.php\/wp-json\/wp\/v2\/posts"}],"about":[{"href":"https:\/\/nvnoticias.mx\/index.php\/wp-json\/wp\/v2\/types\/post"}],"author":[{"embeddable":true,"href":"https:\/\/nvnoticias.mx\/index.php\/wp-json\/wp\/v2\/users\/18"}],"replies":[{"embeddable":true,"href":"https:\/\/nvnoticias.mx\/index.php\/wp-json\/wp\/v2\/comments?post=67838"}],"version-history":[{"count":1,"href":"https:\/\/nvnoticias.mx\/index.php\/wp-json\/wp\/v2\/posts\/67838\/revisions"}],"predecessor-version":[{"id":67841,"href":"https:\/\/nvnoticias.mx\/index.php\/wp-json\/wp\/v2\/posts\/67838\/revisions\/67841"}],"wp:featuredmedia":[{"embeddable":true,"href":"https:\/\/nvnoticias.mx\/index.php\/wp-json\/wp\/v2\/media\/67840"}],"wp:attachment":[{"href":"https:\/\/nvnoticias.mx\/index.php\/wp-json\/wp\/v2\/media?parent=67838"}],"wp:term":[{"taxonomy":"category","embeddable":true,"href":"https:\/\/nvnoticias.mx\/index.php\/wp-json\/wp\/v2\/categories?post=67838"},{"taxonomy":"post_tag","embeddable":true,"href":"https:\/\/nvnoticias.mx\/index.php\/wp-json\/wp\/v2\/tags?post=67838"}],"curies":[{"name":"wp","href":"https:\/\/api.w.org\/{rel}","templated":true}]}}