{"id":67829,"date":"2022-08-01T14:05:46","date_gmt":"2022-08-01T19:05:46","guid":{"rendered":"https:\/\/nvnoticias.mx\/?p=67829"},"modified":"2022-08-01T14:05:48","modified_gmt":"2022-08-01T19:05:48","slug":"prepara-ayuntamiento-produccion-de-plantas-de-ornato-para-celebracion-del-dia-de-muertos","status":"publish","type":"post","link":"https:\/\/nvnoticias.mx\/index.php\/2022\/08\/01\/prepara-ayuntamiento-produccion-de-plantas-de-ornato-para-celebracion-del-dia-de-muertos\/","title":{"rendered":"Prepara Ayuntamiento producci\u00f3n de plantas de ornato para celebraci\u00f3n del D\u00eda de Muertos"},"content":{"rendered":"\n<p>Xalapa, Ver.- Para mejorar la imagen urbana y embellecer los espacios durante las pr\u00f3ximas fiestas del D\u00eda de Muertos, en los viveros municipales se trabaja para producir m\u00e1s de 10 mil ejemplares de flor de cempas\u00fachil, dio a conocer la directora de Medio Ambiente, Ana Isabel Guevara Escobar.<\/p>\n\n\n\n<p>Dijo que para esta labor, se cuenta con los viveros El Campesino, Valle Real y El Haya, donde adem\u00e1s se producen las plantas de ornato que actualmente se encuentran en diversas jardineras del municipio.<\/p>\n\n\n\n<p>En este sentido, reiter\u00f3 el llamado a la poblaci\u00f3n a cuidar de estas plantas, pues son para el disfrute de toda la ciudadan\u00eda y no para ser retiradas y llevadas a cualquier otro lugar.<\/p>\n\n\n\n<p>Finalmente, dio a conocer que tambi\u00e9n se trabaja en la reutilizaci\u00f3n de madera recuperada de \u00e1rboles retirados, trabajos de jardiner\u00eda y la rehabilitaci\u00f3n de varios parques, como Miguel Hidalgo, \u201cLos Berros\u201d, donde se instalar\u00e1n jardines polinizadores.<\/p>\n\n\n\n<div class=\"wp-block-image\"><figure class=\"aligncenter size-large is-resized\"><img loading=\"lazy\" decoding=\"async\" src=\"https:\/\/nvnoticias.mx\/wp-content\/uploads\/2022\/08\/WhatsApp-Image-2022-08-01-at-1.36.37-PM-683x1024.jpeg\" alt=\"\" class=\"wp-image-67830\" width=\"621\" height=\"931\" srcset=\"https:\/\/nvnoticias.mx\/wp-content\/uploads\/2022\/08\/WhatsApp-Image-2022-08-01-at-1.36.37-PM-683x1024.jpeg 683w, https:\/\/nvnoticias.mx\/wp-content\/uploads\/2022\/08\/WhatsApp-Image-2022-08-01-at-1.36.37-PM-200x300.jpeg 200w, https:\/\/nvnoticias.mx\/wp-content\/uploads\/2022\/08\/WhatsApp-Image-2022-08-01-at-1.36.37-PM-768x1152.jpeg 768w, https:\/\/nvnoticias.mx\/wp-content\/uploads\/2022\/08\/WhatsApp-Image-2022-08-01-at-1.36.37-PM.jpeg 1021w\" sizes=\"auto, (max-width: 621px) 100vw, 621px\" \/><figcaption>En los viveros municipales se trabaja para producir m\u00e1s de 10 mil plantas de flor de cempas\u00fachil que servir\u00e1n para embellecer espacios durante las pr\u00f3ximas fiestas del D\u00eda de Muertos.<\/figcaption><\/figure><\/div>\n\n\n\n<div class=\"wp-block-image\"><figure class=\"aligncenter size-large is-resized\"><img loading=\"lazy\" decoding=\"async\" src=\"https:\/\/nvnoticias.mx\/wp-content\/uploads\/2022\/08\/WhatsApp-Image-2022-08-01-at-1.36.38-PM-1024x657.jpeg\" alt=\"\" class=\"wp-image-67831\" width=\"633\" height=\"406\" srcset=\"https:\/\/nvnoticias.mx\/wp-content\/uploads\/2022\/08\/WhatsApp-Image-2022-08-01-at-1.36.38-PM-1024x657.jpeg 1024w, https:\/\/nvnoticias.mx\/wp-content\/uploads\/2022\/08\/WhatsApp-Image-2022-08-01-at-1.36.38-PM-300x193.jpeg 300w, https:\/\/nvnoticias.mx\/wp-content\/uploads\/2022\/08\/WhatsApp-Image-2022-08-01-at-1.36.38-PM-768x493.jpeg 768w, https:\/\/nvnoticias.mx\/wp-content\/uploads\/2022\/08\/WhatsApp-Image-2022-08-01-at-1.36.38-PM.jpeg 1469w\" sizes=\"auto, (max-width: 633px) 100vw, 633px\" \/><figcaption>Para mejorar la imagen urbana, distintas plantas de ornato se producen en los viveros municipales, mismas que ser\u00e1n colocadas en algunas vialidades y parques durante los pr\u00f3ximos d\u00edas.<\/figcaption><\/figure><\/div>\n\n\n\n<p><\/p>\n","protected":false},"excerpt":{"rendered":"<p>Xalapa, Ver.- Para mejorar la imagen urbana y embellecer los espacios durante las pr\u00f3ximas fiestas del D\u00eda de Muertos, en los viveros municipales se trabaja para producir m\u00e1s de 10 mil ejemplares de flor de cempas\u00fachil, dio a conocer la directora de Medio Ambiente, Ana Isabel Guevara Escobar. Dijo que para esta labor, se cuenta [&hellip;]<\/p>\n","protected":false},"author":8,"featured_media":67832,"comment_status":"open","ping_status":"open","sticky":false,"template":"","format":"standard","meta":{"_monsterinsights_skip_tracking":false,"_monsterinsights_sitenote_active":false,"_monsterinsights_sitenote_note":"","_monsterinsights_sitenote_category":0,"footnotes":""},"categories":[156],"tags":[10426,6509,17863],"class_list":["post-67829","post","type-post","status-publish","format-standard","has-post-thumbnail","hentry","category-estado","tag-ayuntamiento-de-xalapa","tag-dia-de-muertos","tag-plantas-de-ornato","wp-image-borders"],"amp_enabled":true,"_links":{"self":[{"href":"https:\/\/nvnoticias.mx\/index.php\/wp-json\/wp\/v2\/posts\/67829","targetHints":{"allow":["GET"]}}],"collection":[{"href":"https:\/\/nvnoticias.mx\/index.php\/wp-json\/wp\/v2\/posts"}],"about":[{"href":"https:\/\/nvnoticias.mx\/index.php\/wp-json\/wp\/v2\/types\/post"}],"author":[{"embeddable":true,"href":"https:\/\/nvnoticias.mx\/index.php\/wp-json\/wp\/v2\/users\/8"}],"replies":[{"embeddable":true,"href":"https:\/\/nvnoticias.mx\/index.php\/wp-json\/wp\/v2\/comments?post=67829"}],"version-history":[{"count":1,"href":"https:\/\/nvnoticias.mx\/index.php\/wp-json\/wp\/v2\/posts\/67829\/revisions"}],"predecessor-version":[{"id":67833,"href":"https:\/\/nvnoticias.mx\/index.php\/wp-json\/wp\/v2\/posts\/67829\/revisions\/67833"}],"wp:featuredmedia":[{"embeddable":true,"href":"https:\/\/nvnoticias.mx\/index.php\/wp-json\/wp\/v2\/media\/67832"}],"wp:attachment":[{"href":"https:\/\/nvnoticias.mx\/index.php\/wp-json\/wp\/v2\/media?parent=67829"}],"wp:term":[{"taxonomy":"category","embeddable":true,"href":"https:\/\/nvnoticias.mx\/index.php\/wp-json\/wp\/v2\/categories?post=67829"},{"taxonomy":"post_tag","embeddable":true,"href":"https:\/\/nvnoticias.mx\/index.php\/wp-json\/wp\/v2\/tags?post=67829"}],"curies":[{"name":"wp","href":"https:\/\/api.w.org\/{rel}","templated":true}]}}