{"id":67804,"date":"2022-08-01T12:57:42","date_gmt":"2022-08-01T17:57:42","guid":{"rendered":"https:\/\/nvnoticias.mx\/?p=67804"},"modified":"2022-08-01T12:57:43","modified_gmt":"2022-08-01T17:57:43","slug":"confirma-kendall-jenner-su-reconciliacion-con-devin-booker","status":"publish","type":"post","link":"https:\/\/nvnoticias.mx\/index.php\/2022\/08\/01\/confirma-kendall-jenner-su-reconciliacion-con-devin-booker\/","title":{"rendered":"Confirma Kendall Jenner su reconciliaci\u00f3n con Devin Booker"},"content":{"rendered":"\n<p>Kendall Jenner\u00a0y\u00a0Devin Booker\u00a0recientemente disfrutaron juntos de una aventura llena de diversi\u00f3n al aire libre, demostrando que est\u00e1n en los mejores t\u00e9rminos. El 31 de julio, Kendall comparti\u00f3 en sus Historias de Instagram un clip de Devin lanzando un hacha mientras los dos estaban en un \u00e1rea boscosa. \u00bfEn cuanto a m\u00e1s pruebas de su buen momento? Ella tambi\u00e9n comparti\u00f3 un video suyo haciendo tirolesa durante su escapada r\u00e1pida.<\/p>\n\n\n\n<p>La publicaci\u00f3n reciente de la modelo llega solo unas semanas despu\u00e9s de que tambi\u00e9n disfrut\u00f3 de un viaje tropical, durante el cual comparti\u00f3 instant\u00e1neas soleadas en su Instagram. Y solo un poco despu\u00e9s de sus publicaciones iniciales, el propio Devin public\u00f3 algunas fotos de naturaleza similar, lo que llev\u00f3 a los fan\u00e1ticos a creer que\u00a0\u00e9l tambi\u00e9n estaba en esas mismas vacaciones.<\/p>\n\n\n\n<p>Sin embargo, las reuniones recientes de la pareja no son demasiado sorprendentes, considerando que las salidas se producen solo unas semanas despu\u00e9s de que una fuente le dijera a E! News que los dos estaban reavivando su romance despu\u00e9s de pedir un descanso r\u00e1pido en su noviazgo de dos a\u00f1os a finales de junio.<\/p>\n\n\n\n<blockquote class=\"wp-block-quote is-layout-flow wp-block-quote-is-layout-flow\"><p>&#8220;Ella y Devin volvieron a estar juntos por completo&#8221;, le dijo la fuente a mediados de julio. &#8220;Resolvieron sus problemas y decidieron que quieren seguir adelante y estar juntos&#8221;.<\/p><\/blockquote>\n\n\n\n<p>Aunque los dos pasaron por un &#8220;momento dif\u00edcil&#8221;, a principios de este verano, lo que llev\u00f3 a su ruptura, result\u00f3 no ser el final del camino para la pareja, sino solo un bache en el camino.<\/p>\n\n\n\n<blockquote class=\"wp-block-quote is-layout-flow wp-block-quote-is-layout-flow\"><p>&#8220;Siguieron adelante y les est\u00e1 yendo muy bien&#8221;, agreg\u00f3 la fuente. &#8220;Han estado pasando mucho tiempo juntos recientemente y\u00a0Devin fue su cita en la boda de su amiga Lauren en Napa&#8221;.<\/p><\/blockquote>\n\n\n\n<p>Fuente:<a href=\"https:\/\/www.eonline.com\/mx\/news\/1340212\/asi-es-como-kendall-jenner-confirma-su-reconciliacion-con-devin-booker\" data-type=\"URL\" data-id=\"https:\/\/www.eonline.com\/mx\/news\/1340212\/asi-es-como-kendall-jenner-confirma-su-reconciliacion-con-devin-booker\"> E!<\/a><\/p>\n","protected":false},"excerpt":{"rendered":"<p>Kendall Jenner\u00a0y\u00a0Devin Booker\u00a0recientemente disfrutaron juntos de una aventura llena de diversi\u00f3n al aire libre, demostrando que est\u00e1n en los mejores t\u00e9rminos. El 31 de julio, Kendall comparti\u00f3 en sus Historias de Instagram un clip de Devin lanzando un hacha mientras los dos estaban en un \u00e1rea boscosa. \u00bfEn cuanto a m\u00e1s pruebas de su buen [&hellip;]<\/p>\n","protected":false},"author":35,"featured_media":67805,"comment_status":"open","ping_status":"open","sticky":false,"template":"","format":"standard","meta":{"_monsterinsights_skip_tracking":false,"_monsterinsights_sitenote_active":false,"_monsterinsights_sitenote_note":"","_monsterinsights_sitenote_category":0,"footnotes":""},"categories":[576],"tags":[8413,17855,3854,17854],"class_list":["post-67804","post","type-post","status-publish","format-standard","has-post-thumbnail","hentry","category-ocio","tag-confirma","tag-devin-booker","tag-kendall-jenner","tag-reconciliacion","wp-image-borders"],"amp_enabled":true,"_links":{"self":[{"href":"https:\/\/nvnoticias.mx\/index.php\/wp-json\/wp\/v2\/posts\/67804","targetHints":{"allow":["GET"]}}],"collection":[{"href":"https:\/\/nvnoticias.mx\/index.php\/wp-json\/wp\/v2\/posts"}],"about":[{"href":"https:\/\/nvnoticias.mx\/index.php\/wp-json\/wp\/v2\/types\/post"}],"author":[{"embeddable":true,"href":"https:\/\/nvnoticias.mx\/index.php\/wp-json\/wp\/v2\/users\/35"}],"replies":[{"embeddable":true,"href":"https:\/\/nvnoticias.mx\/index.php\/wp-json\/wp\/v2\/comments?post=67804"}],"version-history":[{"count":1,"href":"https:\/\/nvnoticias.mx\/index.php\/wp-json\/wp\/v2\/posts\/67804\/revisions"}],"predecessor-version":[{"id":67806,"href":"https:\/\/nvnoticias.mx\/index.php\/wp-json\/wp\/v2\/posts\/67804\/revisions\/67806"}],"wp:featuredmedia":[{"embeddable":true,"href":"https:\/\/nvnoticias.mx\/index.php\/wp-json\/wp\/v2\/media\/67805"}],"wp:attachment":[{"href":"https:\/\/nvnoticias.mx\/index.php\/wp-json\/wp\/v2\/media?parent=67804"}],"wp:term":[{"taxonomy":"category","embeddable":true,"href":"https:\/\/nvnoticias.mx\/index.php\/wp-json\/wp\/v2\/categories?post=67804"},{"taxonomy":"post_tag","embeddable":true,"href":"https:\/\/nvnoticias.mx\/index.php\/wp-json\/wp\/v2\/tags?post=67804"}],"curies":[{"name":"wp","href":"https:\/\/api.w.org\/{rel}","templated":true}]}}