{"id":67790,"date":"2022-08-01T12:37:07","date_gmt":"2022-08-01T17:37:07","guid":{"rendered":"https:\/\/nvnoticias.mx\/?p=67790"},"modified":"2022-08-01T12:37:08","modified_gmt":"2022-08-01T17:37:08","slug":"reconoce-ayuntamiento-de-xalapa-labor-del-cuerpo-de-bomberos","status":"publish","type":"post","link":"https:\/\/nvnoticias.mx\/index.php\/2022\/08\/01\/reconoce-ayuntamiento-de-xalapa-labor-del-cuerpo-de-bomberos\/","title":{"rendered":"Reconoce Ayuntamiento de Xalapa labor del Cuerpo de Bomberos"},"content":{"rendered":"\n<p>Xalapa, Ver.- El presidente municipal Ricardo Ahued Bardahuil reconoci\u00f3 la labor que el Cuerpo de Bomberos de Xalapa desarrolla en favor de la vida y seguridad de los habitantes de la ciudad, por lo que afirm\u00f3 que cuentan con el completo apoyo de la Administraci\u00f3n.<\/p>\n\n\n\n<p>Acompa\u00f1ado por el secretario del Ayuntamiento, Ram\u00f3n Antonio Ramos Niembro, el Alcalde escuch\u00f3 y canaliz\u00f3 las solicitudes manifestadas por el presidente del patronato, Jos\u00e9 Zayd\u00e9n Dom\u00ednguez y el comandante Jos\u00e9 Luis Acosta Hern\u00e1ndez.<\/p>\n\n\n\n<div class=\"wp-block-image\"><figure class=\"aligncenter size-large is-resized\"><img loading=\"lazy\" decoding=\"async\" src=\"https:\/\/nvnoticias.mx\/wp-content\/uploads\/2022\/08\/WhatsApp-Image-2022-08-01-at-11.52.17-AM-1024x682.jpeg\" alt=\"\" class=\"wp-image-67791\" width=\"605\" height=\"402\" srcset=\"https:\/\/nvnoticias.mx\/wp-content\/uploads\/2022\/08\/WhatsApp-Image-2022-08-01-at-11.52.17-AM-1024x682.jpeg 1024w, https:\/\/nvnoticias.mx\/wp-content\/uploads\/2022\/08\/WhatsApp-Image-2022-08-01-at-11.52.17-AM-300x200.jpeg 300w, https:\/\/nvnoticias.mx\/wp-content\/uploads\/2022\/08\/WhatsApp-Image-2022-08-01-at-11.52.17-AM-768x512.jpeg 768w, https:\/\/nvnoticias.mx\/wp-content\/uploads\/2022\/08\/WhatsApp-Image-2022-08-01-at-11.52.17-AM.jpeg 1280w\" sizes=\"auto, (max-width: 605px) 100vw, 605px\" \/><figcaption>El presidente municipal Ricardo Ahued Bardahuil recibi\u00f3 la donaci\u00f3n de los ejemplares m\u00e1s recientes de una colecci\u00f3n de 15 libros realizados por el cronista em\u00e9rito, Jos\u00e9 Zayd\u00e9n Dom\u00ednguez. Destacan los estudios sobre el Pante\u00f3n 5 de Febrero y la fundaci\u00f3n de Xalapa.<\/figcaption><\/figure><\/div>\n\n\n\n<figure class=\"wp-block-gallery columns-3 is-cropped wp-block-gallery-1 is-layout-flex wp-block-gallery-is-layout-flex\"><ul class=\"blocks-gallery-grid\"><li class=\"blocks-gallery-item\"><figure><img loading=\"lazy\" decoding=\"async\" width=\"1024\" height=\"682\" src=\"https:\/\/nvnoticias.mx\/wp-content\/uploads\/2022\/08\/WhatsApp-Image-2022-08-01-at-11.52.16-AM-1024x682.jpeg\" alt=\"\" data-id=\"67792\" data-link=\"https:\/\/nvnoticias.mx\/?attachment_id=67792\" class=\"wp-image-67792\" srcset=\"https:\/\/nvnoticias.mx\/wp-content\/uploads\/2022\/08\/WhatsApp-Image-2022-08-01-at-11.52.16-AM-1024x682.jpeg 1024w, https:\/\/nvnoticias.mx\/wp-content\/uploads\/2022\/08\/WhatsApp-Image-2022-08-01-at-11.52.16-AM-300x200.jpeg 300w, https:\/\/nvnoticias.mx\/wp-content\/uploads\/2022\/08\/WhatsApp-Image-2022-08-01-at-11.52.16-AM-768x512.jpeg 768w, https:\/\/nvnoticias.mx\/wp-content\/uploads\/2022\/08\/WhatsApp-Image-2022-08-01-at-11.52.16-AM.jpeg 1280w\" sizes=\"auto, (max-width: 1024px) 100vw, 1024px\" \/><\/figure><\/li><li class=\"blocks-gallery-item\"><figure><img loading=\"lazy\" decoding=\"async\" width=\"1024\" height=\"682\" src=\"https:\/\/nvnoticias.mx\/wp-content\/uploads\/2022\/08\/WhatsApp-Image-2022-08-01-at-11.52.16-AM-1-1024x682.jpeg\" alt=\"\" data-id=\"67793\" data-link=\"https:\/\/nvnoticias.mx\/?attachment_id=67793\" class=\"wp-image-67793\" srcset=\"https:\/\/nvnoticias.mx\/wp-content\/uploads\/2022\/08\/WhatsApp-Image-2022-08-01-at-11.52.16-AM-1-1024x682.jpeg 1024w, https:\/\/nvnoticias.mx\/wp-content\/uploads\/2022\/08\/WhatsApp-Image-2022-08-01-at-11.52.16-AM-1-300x200.jpeg 300w, https:\/\/nvnoticias.mx\/wp-content\/uploads\/2022\/08\/WhatsApp-Image-2022-08-01-at-11.52.16-AM-1-768x512.jpeg 768w, https:\/\/nvnoticias.mx\/wp-content\/uploads\/2022\/08\/WhatsApp-Image-2022-08-01-at-11.52.16-AM-1.jpeg 1280w\" sizes=\"auto, (max-width: 1024px) 100vw, 1024px\" \/><\/figure><\/li><li class=\"blocks-gallery-item\"><figure><img loading=\"lazy\" decoding=\"async\" width=\"1024\" height=\"682\" src=\"https:\/\/nvnoticias.mx\/wp-content\/uploads\/2022\/08\/WhatsApp-Image-2022-08-01-at-11.52.17-AM-1-1024x682.jpeg\" alt=\"\" data-id=\"67794\" data-full-url=\"https:\/\/nvnoticias.mx\/wp-content\/uploads\/2022\/08\/WhatsApp-Image-2022-08-01-at-11.52.17-AM-1.jpeg\" data-link=\"https:\/\/nvnoticias.mx\/?attachment_id=67794\" class=\"wp-image-67794\" srcset=\"https:\/\/nvnoticias.mx\/wp-content\/uploads\/2022\/08\/WhatsApp-Image-2022-08-01-at-11.52.17-AM-1-1024x682.jpeg 1024w, https:\/\/nvnoticias.mx\/wp-content\/uploads\/2022\/08\/WhatsApp-Image-2022-08-01-at-11.52.17-AM-1-300x200.jpeg 300w, https:\/\/nvnoticias.mx\/wp-content\/uploads\/2022\/08\/WhatsApp-Image-2022-08-01-at-11.52.17-AM-1-768x512.jpeg 768w, https:\/\/nvnoticias.mx\/wp-content\/uploads\/2022\/08\/WhatsApp-Image-2022-08-01-at-11.52.17-AM-1.jpeg 1280w\" sizes=\"auto, (max-width: 1024px) 100vw, 1024px\" \/><\/figure><\/li><\/ul><\/figure>\n","protected":false},"excerpt":{"rendered":"<p>Xalapa, Ver.- El presidente municipal Ricardo Ahued Bardahuil reconoci\u00f3 la labor que el Cuerpo de Bomberos de Xalapa desarrolla en favor de la vida y seguridad de los habitantes de la ciudad, por lo que afirm\u00f3 que cuentan con el completo apoyo de la Administraci\u00f3n. Acompa\u00f1ado por el secretario del Ayuntamiento, Ram\u00f3n Antonio Ramos Niembro, [&hellip;]<\/p>\n","protected":false},"author":8,"featured_media":67795,"comment_status":"open","ping_status":"open","sticky":false,"template":"","format":"standard","meta":{"_monsterinsights_skip_tracking":false,"_monsterinsights_sitenote_active":false,"_monsterinsights_sitenote_note":"","_monsterinsights_sitenote_category":0,"footnotes":""},"categories":[156],"tags":[10426,10599,2152],"class_list":["post-67790","post","type-post","status-publish","format-standard","has-post-thumbnail","hentry","category-estado","tag-ayuntamiento-de-xalapa","tag-cuerpo-de-bomberos","tag-reconocimiento","wp-image-borders"],"amp_enabled":true,"_links":{"self":[{"href":"https:\/\/nvnoticias.mx\/index.php\/wp-json\/wp\/v2\/posts\/67790","targetHints":{"allow":["GET"]}}],"collection":[{"href":"https:\/\/nvnoticias.mx\/index.php\/wp-json\/wp\/v2\/posts"}],"about":[{"href":"https:\/\/nvnoticias.mx\/index.php\/wp-json\/wp\/v2\/types\/post"}],"author":[{"embeddable":true,"href":"https:\/\/nvnoticias.mx\/index.php\/wp-json\/wp\/v2\/users\/8"}],"replies":[{"embeddable":true,"href":"https:\/\/nvnoticias.mx\/index.php\/wp-json\/wp\/v2\/comments?post=67790"}],"version-history":[{"count":1,"href":"https:\/\/nvnoticias.mx\/index.php\/wp-json\/wp\/v2\/posts\/67790\/revisions"}],"predecessor-version":[{"id":67796,"href":"https:\/\/nvnoticias.mx\/index.php\/wp-json\/wp\/v2\/posts\/67790\/revisions\/67796"}],"wp:featuredmedia":[{"embeddable":true,"href":"https:\/\/nvnoticias.mx\/index.php\/wp-json\/wp\/v2\/media\/67795"}],"wp:attachment":[{"href":"https:\/\/nvnoticias.mx\/index.php\/wp-json\/wp\/v2\/media?parent=67790"}],"wp:term":[{"taxonomy":"category","embeddable":true,"href":"https:\/\/nvnoticias.mx\/index.php\/wp-json\/wp\/v2\/categories?post=67790"},{"taxonomy":"post_tag","embeddable":true,"href":"https:\/\/nvnoticias.mx\/index.php\/wp-json\/wp\/v2\/tags?post=67790"}],"curies":[{"name":"wp","href":"https:\/\/api.w.org\/{rel}","templated":true}]}}