{"id":67764,"date":"2022-08-01T11:52:46","date_gmt":"2022-08-01T16:52:46","guid":{"rendered":"https:\/\/nvnoticias.mx\/?p=67764"},"modified":"2022-08-01T11:52:48","modified_gmt":"2022-08-01T16:52:48","slug":"trasladan-a-jorge-winckler-exfiscal-de-veracruz-al-penal-del-altiplano","status":"publish","type":"post","link":"https:\/\/nvnoticias.mx\/index.php\/2022\/08\/01\/trasladan-a-jorge-winckler-exfiscal-de-veracruz-al-penal-del-altiplano\/","title":{"rendered":"Trasladan a Jorge Winckler exfiscal de Veracruz al penal del Altiplano"},"content":{"rendered":"\n<p><strong>Sam Ojeda | NV Noticias<\/strong><\/p>\n\n\n\n<p>Xalapa.- El ex fiscal general de Veracruz, Jorge &#8220;N&#8221;, fue trasladado al penal federal del Altiplano en Almoloya, en el Estado de M\u00e9xico.<\/p>\n\n\n\n<p>Apenas este domingo el ex fiscal fue vinculado a proceso por los delitos de desaparici\u00f3n forzada y privaci\u00f3n ilegal de la libertad en su modalidad de secuestro.<\/p>\n\n\n\n<p>Se sabe que el ex fiscal fue sacado de la penitenciar\u00eda de Pacho Viejo, en el municipio de Coatepec y trasladado hacia el Centro Federal de Readaptaci\u00f3n Social N\u00famero 1 \u201cEl Altiplano&#8221;.<\/p>\n\n\n\n<p>Se determin\u00f3 enviarlo al altiplano debido al alto nivel que ocup\u00f3 en la Fiscal\u00eda General del Estado y por los delitos que es se\u00f1alado.<\/p>\n\n\n\n<p>Pese a ello, el abogado del ex fiscal Rodolfo F\u00e9lix C\u00e1rdenas inform\u00f3 que no ha sido notificado sobre este traslado.<\/p>\n","protected":false},"excerpt":{"rendered":"<p>Sam Ojeda | NV Noticias Xalapa.- El ex fiscal general de Veracruz, Jorge &#8220;N&#8221;, fue trasladado al penal federal del Altiplano en Almoloya, en el Estado de M\u00e9xico. Apenas este domingo el ex fiscal fue vinculado a proceso por los delitos de desaparici\u00f3n forzada y privaci\u00f3n ilegal de la libertad en su modalidad de secuestro. [&hellip;]<\/p>\n","protected":false},"author":35,"featured_media":66678,"comment_status":"open","ping_status":"open","sticky":false,"template":"","format":"standard","meta":{"_monsterinsights_skip_tracking":false,"_monsterinsights_sitenote_active":false,"_monsterinsights_sitenote_note":"","_monsterinsights_sitenote_category":0,"footnotes":""},"categories":[156],"tags":[4840,17841,17190,162,16461],"class_list":["post-67764","post","type-post","status-publish","format-standard","has-post-thumbnail","hentry","category-estado","tag-altiplano","tag-exfiscal","tag-jorge-winckler","tag-portada","tag-trasladan","wp-image-borders"],"amp_enabled":true,"_links":{"self":[{"href":"https:\/\/nvnoticias.mx\/index.php\/wp-json\/wp\/v2\/posts\/67764","targetHints":{"allow":["GET"]}}],"collection":[{"href":"https:\/\/nvnoticias.mx\/index.php\/wp-json\/wp\/v2\/posts"}],"about":[{"href":"https:\/\/nvnoticias.mx\/index.php\/wp-json\/wp\/v2\/types\/post"}],"author":[{"embeddable":true,"href":"https:\/\/nvnoticias.mx\/index.php\/wp-json\/wp\/v2\/users\/35"}],"replies":[{"embeddable":true,"href":"https:\/\/nvnoticias.mx\/index.php\/wp-json\/wp\/v2\/comments?post=67764"}],"version-history":[{"count":1,"href":"https:\/\/nvnoticias.mx\/index.php\/wp-json\/wp\/v2\/posts\/67764\/revisions"}],"predecessor-version":[{"id":67765,"href":"https:\/\/nvnoticias.mx\/index.php\/wp-json\/wp\/v2\/posts\/67764\/revisions\/67765"}],"wp:featuredmedia":[{"embeddable":true,"href":"https:\/\/nvnoticias.mx\/index.php\/wp-json\/wp\/v2\/media\/66678"}],"wp:attachment":[{"href":"https:\/\/nvnoticias.mx\/index.php\/wp-json\/wp\/v2\/media?parent=67764"}],"wp:term":[{"taxonomy":"category","embeddable":true,"href":"https:\/\/nvnoticias.mx\/index.php\/wp-json\/wp\/v2\/categories?post=67764"},{"taxonomy":"post_tag","embeddable":true,"href":"https:\/\/nvnoticias.mx\/index.php\/wp-json\/wp\/v2\/tags?post=67764"}],"curies":[{"name":"wp","href":"https:\/\/api.w.org\/{rel}","templated":true}]}}