{"id":67701,"date":"2022-08-01T09:46:22","date_gmt":"2022-08-01T14:46:22","guid":{"rendered":"https:\/\/nvnoticias.mx\/?p=67701"},"modified":"2022-08-01T09:46:23","modified_gmt":"2022-08-01T14:46:23","slug":"llama-ricardo-anaya-traidor-a-la-patria-a-amlo","status":"publish","type":"post","link":"https:\/\/nvnoticias.mx\/index.php\/2022\/08\/01\/llama-ricardo-anaya-traidor-a-la-patria-a-amlo\/","title":{"rendered":"Llama Ricardo Anaya \u2018traidor a la patria\u2019 a AMLO"},"content":{"rendered":"\n<p>El panista Ricardo Anaya se\u00f1al\u00f3 que el verdadero \u201ctraidor a la patria\u201d en M\u00e9xico es el presidente Andr\u00e9s Manuel L\u00f3pez Obrador por las decisiones que ha tomado, como poner en riesgo el Tratado de Libre Comercio entre Canad\u00e1, Estados Unidos y M\u00e9xico (T-MEC\u200b), cancelar la construcci\u00f3n del aeropuerto de Texcoco, \u201cmatar la inversi\u00f3n\u201d en energ\u00eda limpias para generar electricidad \u201ccara y sucia\u201d.<\/p>\n\n\n\n<blockquote class=\"wp-block-quote is-layout-flow wp-block-quote-is-layout-flow\"><p>\u201cEn la idea de Rep\u00fablica bananera que existe en la cabeza de L\u00f3pez Obrador muchos resultar\u00edamos traidores a la patria, pero yo tengo otros datos. Para m\u00ed, traidor a la patria es alguien que se declara presidente leg\u00edtimo despu\u00e9s de perder una elecci\u00f3n; es quien permite que se humille a nuestra fuerzas armadas forzando a responder con abrazos a los criminales; es quien pacta con el crimen organizado y ordena liberar a un criminal ya detenido\u201d, dijo.<\/p><\/blockquote>\n\n\n\n<p>En su m\u00e1s reciente video, el panista se\u00f1al\u00f3 que el mandatario federal es \u201ctraidor a la patria\u201d por insultar a la prensa, amenazar a opositores, dividir a los mexicanos en lugar de unirlos, mentir a \u201csu pueblo\u201d, \u201cahogar\u201d el presupuesto y por preferir pelearse con Estados Unidos para incrementar su popularidad.<\/p>\n\n\n\n<blockquote class=\"wp-block-quote is-layout-flow wp-block-quote-is-layout-flow\"><p>\u201cTraici\u00f3n a la patria es ahora poner ese Tratado en riesgo al desconocer lo que \u00e9l firm\u00f3 hace cuatro a\u00f1os al ratificar el Tratado (T-MEC\u200b). L\u00f3pez obrador podr\u00eda ser un presidente ideal para la Rep\u00fablica babera con la que \u00e9l sue\u00f1a, pero el M\u00e9xico de verdad, ese le qued\u00f3 muy grande\u201d, dijo Ricardo Anaya.<\/p><\/blockquote>\n\n\n\n<p>Fuente: <a href=\"https:\/\/www.forbes.com.mx\/ricardo-anaya-llama-traidor-a-la-patria-a-amlo-por-las-decisiones-que-ha-tomado\/\" data-type=\"URL\" data-id=\"https:\/\/www.forbes.com.mx\/ricardo-anaya-llama-traidor-a-la-patria-a-amlo-por-las-decisiones-que-ha-tomado\/\">Forbes<\/a><\/p>\n","protected":false},"excerpt":{"rendered":"<p>El panista Ricardo Anaya se\u00f1al\u00f3 que el verdadero \u201ctraidor a la patria\u201d en M\u00e9xico es el presidente Andr\u00e9s Manuel L\u00f3pez Obrador por las decisiones que ha tomado, como poner en riesgo el Tratado de Libre Comercio entre Canad\u00e1, Estados Unidos y M\u00e9xico (T-MEC\u200b), cancelar la construcci\u00f3n del aeropuerto de Texcoco, \u201cmatar la inversi\u00f3n\u201d en energ\u00eda [&hellip;]<\/p>\n","protected":false},"author":35,"featured_media":20035,"comment_status":"open","ping_status":"open","sticky":false,"template":"","format":"standard","meta":{"_monsterinsights_skip_tracking":false,"_monsterinsights_sitenote_active":false,"_monsterinsights_sitenote_note":"","_monsterinsights_sitenote_category":0,"footnotes":""},"categories":[158],"tags":[188,8928,509,17831],"class_list":["post-67701","post","type-post","status-publish","format-standard","has-post-thumbnail","hentry","category-politica","tag-amlo","tag-llama","tag-ricardo-anaya","tag-traidor-a-la-patria","wp-image-borders"],"amp_enabled":true,"_links":{"self":[{"href":"https:\/\/nvnoticias.mx\/index.php\/wp-json\/wp\/v2\/posts\/67701","targetHints":{"allow":["GET"]}}],"collection":[{"href":"https:\/\/nvnoticias.mx\/index.php\/wp-json\/wp\/v2\/posts"}],"about":[{"href":"https:\/\/nvnoticias.mx\/index.php\/wp-json\/wp\/v2\/types\/post"}],"author":[{"embeddable":true,"href":"https:\/\/nvnoticias.mx\/index.php\/wp-json\/wp\/v2\/users\/35"}],"replies":[{"embeddable":true,"href":"https:\/\/nvnoticias.mx\/index.php\/wp-json\/wp\/v2\/comments?post=67701"}],"version-history":[{"count":5,"href":"https:\/\/nvnoticias.mx\/index.php\/wp-json\/wp\/v2\/posts\/67701\/revisions"}],"predecessor-version":[{"id":67706,"href":"https:\/\/nvnoticias.mx\/index.php\/wp-json\/wp\/v2\/posts\/67701\/revisions\/67706"}],"wp:featuredmedia":[{"embeddable":true,"href":"https:\/\/nvnoticias.mx\/index.php\/wp-json\/wp\/v2\/media\/20035"}],"wp:attachment":[{"href":"https:\/\/nvnoticias.mx\/index.php\/wp-json\/wp\/v2\/media?parent=67701"}],"wp:term":[{"taxonomy":"category","embeddable":true,"href":"https:\/\/nvnoticias.mx\/index.php\/wp-json\/wp\/v2\/categories?post=67701"},{"taxonomy":"post_tag","embeddable":true,"href":"https:\/\/nvnoticias.mx\/index.php\/wp-json\/wp\/v2\/tags?post=67701"}],"curies":[{"name":"wp","href":"https:\/\/api.w.org\/{rel}","templated":true}]}}