{"id":67648,"date":"2022-07-31T18:44:15","date_gmt":"2022-07-31T23:44:15","guid":{"rendered":"https:\/\/nvnoticias.mx\/?p=67648"},"modified":"2022-07-31T18:44:16","modified_gmt":"2022-07-31T23:44:16","slug":"llegaran-medicos-cubanos-a-colima","status":"publish","type":"post","link":"https:\/\/nvnoticias.mx\/index.php\/2022\/07\/31\/llegaran-medicos-cubanos-a-colima\/","title":{"rendered":"Llegar\u00e1n m\u00e9dicos cubanos a Colima"},"content":{"rendered":"\n<p>Colima\u00a0ser\u00e1 la siguiente entidad que recibir\u00e1 hasta 60 m\u00e9dicos cubanos para cubrir las plazas vacantes en gineco-obstetricia; internistas, anestesi\u00f3logos, pediatras y cirujanos generales para cubrir el d\u00e9ficit de 21 por ciento de especialistas.<\/p>\n\n\n\n<p>La estrategia de contrataci\u00f3n de\u00a0m\u00e9dicos extranjeros\u00a0se dar\u00e1 a la par de la regularizaci\u00f3n de 870 trabajadores eventuales, de los cuales alrededor de 559 ya est\u00e1n basificados o en v\u00edas de contrataci\u00f3n para obtener su planta formal.<\/p>\n\n\n\n<p>Colima\u00a0tiene 731 mil 391 habitantes y cuenta con cinco hospitales, una Unidad de Especialidades M\u00e9dicas y 131 unidades de salud que funcionan al 100 por ciento.<\/p>\n\n\n\n<p>Informes del\u00a0IMSS\u00a0reportaron que se tienen 253 especialistas de los 319 que se requieren, es decir, se necesitan 66 adicionales.<\/p>\n\n\n\n<p>En el diagn\u00f3stico sobre el sistema de salud en\u00a0Colima,\u00a0las autoridades federales tambi\u00e9n detectaron que, de los 731 mil 391 habitantes, alrededor de 430 mil cuenta con seguridad social y el resto carece de afiliaci\u00f3n alguna a un sistema sanitario.<\/p>\n\n\n\n<p>La cobertura de atenci\u00f3n es de 79 por ciento de la poblaci\u00f3n debido a que un porcentaje importante viven en zonas rurales, de dif\u00edcil acceso.<\/p>\n\n\n\n<p>El 90 por ciento de sus habitantes est\u00e1n distribuidos en 21 zonas urbanas y el 10 por ciento se localiza en mil 205 localidades rurales.<\/p>\n\n\n\n<p>En dicha entidad, una de las de menor extensi\u00f3n territorial en el pa\u00eds, hay 130 personas por kil\u00f3metro cuadrado y concentra el 0.6 por ciento de la totalidad de la poblaci\u00f3n nacional.<\/p>\n\n\n\n<p>En la entidad, como parte del Plan de Salud para el Bienestar desde el 28 de mayo, se han invertido 50.4 millones de pesos. Se tiene un avance del 90 por ciento en acciones de mantenimiento, ampliaci\u00f3n y funcionamiento de la infraestructura.<\/p>\n\n\n\n<p>Tambi\u00e9n invirtieron en equipo, por lo menos 94 fueron habilitados y sustituyeron a los obsoletos.<\/p>\n\n\n\n<p>En las unidades m\u00e9dicas, el abasto de recetas es del 87 por ciento, por debajo del nivel nacional que est\u00e1, en promedio, en el 90 por ciento.<\/p>\n\n\n\n<p>Se ha avanzado en garantizar el servicio de hemodi\u00e1lisis gratuita en la Unidad Estatal, lo que significa que los usuarios dejaron de pagar 638 pesos cada tercer d\u00eda por sesi\u00f3n.<\/p>\n\n\n\n<p>Ni\u00a0Colima ni\u00a0Nayarit\u00a0-el primer estado en recibir m\u00e9dicos cubanos- figuran dentro de las ocho entidades con d\u00e9ficit de m\u00e9dicos similares a los niveles de pa\u00edses con altos niveles de pobreza como Sri Lanka Nigeria, conforme al an\u00e1lisis de la Secretar\u00eda de Salud.<\/p>\n\n\n\n<p>En esa situaci\u00f3n se encuentran\u00a0Campeche, Chiapas, Guerrero, Oaxaca, Quintana Roo, Tabasco, Veracruz y Yucat\u00e1n. Ah\u00ed se requieren en total de 64 mil 796 m\u00e9dicos (43 mil 198 generales y 21 mil 598 especialistas) para atender las necesidades de 19 millones 635 mil 261 habitantes de esos ocho estados.<\/p>\n\n\n\n<p>En esas entidades solo hay 25 mil 885 m\u00e9dicos generales y especialistas, es decir, requieren 38 mil 911 facultativos adicionales para llegar a la cifra \u00f3ptima de 64 mil 796 m\u00e9dicos, que de acuerdo con los criterios internacionales se calcula en 3.3 m\u00e9dicos por cada mil habitantes.<\/p>\n\n\n\n<p><strong>En Nayarit, m\u00e9dicos ubanos al IMSS- Bienestar<\/strong><\/p>\n\n\n\n<p>En Nayarit los m\u00e9dicos cubanos se ubicar\u00e1n en 12 hospitales, tres unidades de especialidades m\u00e9dicas y 245 centros de salud que fueron incorporaron al programa\u00a0IMSS Bienestar.<\/p>\n\n\n\n<p>Para atender comunidades de alta marginaci\u00f3n y que viven en zonas alejadas, una parte de los m\u00e9dicos cubanos participar\u00e1 en las caravanas efectuadas a trav\u00e9s de las unidades m\u00f3viles equipadas.<\/p>\n\n\n\n<p>En esas unidades m\u00f3viles se efect\u00faan desde estudios b\u00e1sicos de laboratorio, radiol\u00f3gicos, de prevenci\u00f3n y seguimiento de embarazos, as\u00ed mismo, vacunaci\u00f3n, seguimiento de padecimiento como desnutrici\u00f3n, anemia, obesidad, detecci\u00f3n de c\u00e1nceres a trav\u00e9s de an\u00e1lisis de cultivo c\u00e9rvico-uterino y de imagen con mast\u00f3grafos.<\/p>\n\n\n\n<p>Los m\u00e9dicos cubanos se quedar\u00e1n en las residencias m\u00e9dicas habilitadas para los pasantes.<\/p>\n\n\n\n<p>Nayarit fue el primer estado en iniciar el modelo integral de federalizaci\u00f3n de los servicios de salud.<\/p>\n\n\n\n<p>En un reciente informe federal se report\u00f3 que Nayarit cuenta con 99 por ciento del personal, es decir, con 896 de 999 personas trabajadoras, adem\u00e1s de que se ha capacitado a la totalidad de trabajadores del segundo nivel y al 75 por ciento que se ubican en el primer nivel.<\/p>\n\n\n\n<p>Se hab\u00edan regularizado a 142 m\u00e9dicos, 473 enfermeras, 69 param\u00e9dicos y 212 de servicios generales con trabajo en atenci\u00f3n m\u00e9dica, entre otros, con antig\u00fcedades desde dos hasta 13 a\u00f1os.<\/p>\n\n\n\n<p>La idea es que los m\u00e9dicos cubanos se sumen a los 49 especialistas, reci\u00e9n contratados, para que laboren en los hospitales de la entidad.<\/p>\n\n\n\n<p>Y aunque se cuenta con alrededor de 120 residentes m\u00e9dicos, por los conflictos derivados por el asesinato de pasantes y el retiro de estudiantes de la UNAM, el gobierno complementar\u00e1 el d\u00e9ficit con los extranjeros<\/p>\n\n\n\n<blockquote class=\"wp-block-quote is-layout-flow wp-block-quote-is-layout-flow\"><p>\u201cHay 120 pasantes, que a todas luces son insuficientes, por lo que la estrategia complementaria ser\u00e1 emplear a profesionales del extranjero para que se puedan cubrir estas plazas\u201d, inform\u00f3 el secretario de Salud, Jorge Alcocer.<\/p><\/blockquote>\n\n\n\n<p>De acuerdo con las autoridades federales, los m\u00e9dicos cubanos fortalecer\u00e1n la red de atenci\u00f3n m\u00e9dica de primero, segundo y tercer nivel en beneficio 273 mil 039 habitantes de la entidad nayarita, que carece de seguridad social.<\/p>\n\n\n\n<p>El gobierno federal invirti\u00f3 51 millones 384 mil 624 pesos para rehabilitar y conservar la infraestructura en los diferentes niveles de atenci\u00f3n. Estas se encuentran, actualmente, operando.<\/p>\n\n\n\n<p>Sin embargo, de acuerdo con el diagn\u00f3stico federal, se requiere de m\u00e1s m\u00e9dicos para agilizar y elevar la calidad de atenci\u00f3n tanto en el diagn\u00f3stico y tratamiento de enfermedades oncol\u00f3gicas, en el \u00e1rea de hemodi\u00e1lisis, y liberar la agenda de cirug\u00edas pospuestas por falta de personal.<\/p>\n\n\n\n<p>Tambi\u00e9n se hizo una evaluaci\u00f3n del sistema de salud y se retiraron equipos obsoletos. Se ampli\u00f3 la farmacia para surtir todos los requerimientos de pacientes ambulatorios y hospitalizados.<\/p>\n\n\n\n<p>Se retiraron dos mil 626 equipos, desde tom\u00f3grafos, Rayos X, hasta fonodetectores de latidos fetales, sobre todo camas de hospitalizaci\u00f3n.<\/p>\n\n\n\n<p>Adem\u00e1s, los quir\u00f3fanos en los hospitales fueron habilitados. Algunos ten\u00edan hasta 3 a\u00f1os sin realizar cirug\u00edas.<\/p>\n\n\n\n<p>La tardanza depende de la ubicaci\u00f3n, ocho meses en Rosamorada; 1 a\u00f1o y tres meses en Tecuala; tres a\u00f1os en Ixtl\u00e1n del R\u00edo, 24 meses en San Francisco, 48 meses en Jes\u00fas Mar\u00eda, seis meses en Acaponeta, ocho meses en Las Varas y 12 meses en\u00a0Tondoroque, 14 en Puente de Camotl\u00e1n. El \u00fanico activo, el quir\u00f3fano de Santiago Ixcuintla.<\/p>\n","protected":false},"excerpt":{"rendered":"<p>Colima\u00a0ser\u00e1 la siguiente entidad que recibir\u00e1 hasta 60 m\u00e9dicos cubanos para cubrir las plazas vacantes en gineco-obstetricia; internistas, anestesi\u00f3logos, pediatras y cirujanos generales para cubrir el d\u00e9ficit de 21 por ciento de especialistas. La estrategia de contrataci\u00f3n de\u00a0m\u00e9dicos extranjeros\u00a0se dar\u00e1 a la par de la regularizaci\u00f3n de 870 trabajadores eventuales, de los cuales alrededor de [&hellip;]<\/p>\n","protected":false},"author":7,"featured_media":18745,"comment_status":"open","ping_status":"open","sticky":false,"template":"","format":"standard","meta":{"_monsterinsights_skip_tracking":false,"_monsterinsights_sitenote_active":false,"_monsterinsights_sitenote_note":"","_monsterinsights_sitenote_category":0,"footnotes":""},"categories":[157],"tags":[3654,17542],"class_list":["post-67648","post","type-post","status-publish","format-standard","has-post-thumbnail","hentry","category-nacional","tag-colima","tag-medicos-cubanos","wp-image-borders"],"amp_enabled":true,"_links":{"self":[{"href":"https:\/\/nvnoticias.mx\/index.php\/wp-json\/wp\/v2\/posts\/67648","targetHints":{"allow":["GET"]}}],"collection":[{"href":"https:\/\/nvnoticias.mx\/index.php\/wp-json\/wp\/v2\/posts"}],"about":[{"href":"https:\/\/nvnoticias.mx\/index.php\/wp-json\/wp\/v2\/types\/post"}],"author":[{"embeddable":true,"href":"https:\/\/nvnoticias.mx\/index.php\/wp-json\/wp\/v2\/users\/7"}],"replies":[{"embeddable":true,"href":"https:\/\/nvnoticias.mx\/index.php\/wp-json\/wp\/v2\/comments?post=67648"}],"version-history":[{"count":1,"href":"https:\/\/nvnoticias.mx\/index.php\/wp-json\/wp\/v2\/posts\/67648\/revisions"}],"predecessor-version":[{"id":67649,"href":"https:\/\/nvnoticias.mx\/index.php\/wp-json\/wp\/v2\/posts\/67648\/revisions\/67649"}],"wp:featuredmedia":[{"embeddable":true,"href":"https:\/\/nvnoticias.mx\/index.php\/wp-json\/wp\/v2\/media\/18745"}],"wp:attachment":[{"href":"https:\/\/nvnoticias.mx\/index.php\/wp-json\/wp\/v2\/media?parent=67648"}],"wp:term":[{"taxonomy":"category","embeddable":true,"href":"https:\/\/nvnoticias.mx\/index.php\/wp-json\/wp\/v2\/categories?post=67648"},{"taxonomy":"post_tag","embeddable":true,"href":"https:\/\/nvnoticias.mx\/index.php\/wp-json\/wp\/v2\/tags?post=67648"}],"curies":[{"name":"wp","href":"https:\/\/api.w.org\/{rel}","templated":true}]}}