{"id":67385,"date":"2022-07-29T12:50:20","date_gmt":"2022-07-29T17:50:20","guid":{"rendered":"https:\/\/nvnoticias.mx\/?p=67385"},"modified":"2022-07-29T12:50:20","modified_gmt":"2022-07-29T17:50:20","slug":"en-fiestas-patronales-de-teocelo-limitaran-uso-de-pirotecnia","status":"publish","type":"post","link":"https:\/\/nvnoticias.mx\/index.php\/2022\/07\/29\/en-fiestas-patronales-de-teocelo-limitaran-uso-de-pirotecnia\/","title":{"rendered":"En fiestas patronales de Teocelo limitar\u00e1n uso de pirotecnia"},"content":{"rendered":"\n<p><strong>Sam Ojeda&nbsp;\/ NV Noticias<\/strong><\/p>\n\n\n\n<p>Xalapa.- El alcalde de Teocelo, Isaac Anell Reyes, indic\u00f3 que durante las fiestas patronales en honor a la Asunci\u00f3n de Nuestra Se\u00f1ora en Teocelo se usar\u00e1 pirotecnia de color y no de trueno.<\/p>\n\n\n\n<p>Es as\u00ed que durante las festividades de agosto pr\u00f3ximo se pidi\u00f3 a los barrios que participan limitar la pirotecnia para evitar los sonidos fuertes que puedan afectar a la poblaci\u00f3n y animales.&nbsp;<\/p>\n\n\n\n<blockquote class=\"wp-block-quote is-layout-flow wp-block-quote-is-layout-flow\"><p>\u201c<em>La pirotecnia ser\u00e1 solo de chispa de color, nada de trueno para que no se alteren ambas partes. Adem\u00e1s las que son de trueno implican un peligro<\/em>\u201d, coment\u00f3.<\/p><\/blockquote>\n\n\n\n<p>Dijo que se contempla usar para estas festividades solo pirotecnia de chispa de color y no cohetes de trueno, con la finalidad de no causar estr\u00e9s a personas con alguna capacidad distinta.<\/p>\n\n\n\n<blockquote class=\"wp-block-quote is-layout-flow wp-block-quote-is-layout-flow\"><p>\u201c<em>Las recomendaciones que hemos realizado es que no se utilizar\u00edan cohetes de trueno para evitar causar estr\u00e9s a las personas que tengan alguna capacidad distinta y a los animales<\/em>\u201d.&nbsp;<\/p><\/blockquote>\n\n\n\n<p>El edil insisti\u00f3 en que lo que se busca es reducir el uso de este tipo de cohetes, aunque reconoci\u00f3 que existe arraigo en algunas personas por utilizar este tipo de pirotecnia en los festejos patronales.<\/p>\n","protected":false},"excerpt":{"rendered":"<p>Sam Ojeda&nbsp;\/ NV Noticias Xalapa.- El alcalde de Teocelo, Isaac Anell Reyes, indic\u00f3 que durante las fiestas patronales en honor a la Asunci\u00f3n de Nuestra Se\u00f1ora en Teocelo se usar\u00e1 pirotecnia de color y no de trueno. Es as\u00ed que durante las festividades de agosto pr\u00f3ximo se pidi\u00f3 a los barrios que participan limitar la [&hellip;]<\/p>\n","protected":false},"author":8,"featured_media":67386,"comment_status":"open","ping_status":"open","sticky":false,"template":"","format":"standard","meta":{"_monsterinsights_skip_tracking":false,"_monsterinsights_sitenote_active":false,"_monsterinsights_sitenote_note":"","_monsterinsights_sitenote_category":0,"footnotes":""},"categories":[156],"tags":[5085,7740,4227],"class_list":["post-67385","post","type-post","status-publish","format-standard","has-post-thumbnail","hentry","category-estado","tag-fiestas-patronales","tag-pirotecnia","tag-teocelo","wp-image-borders"],"amp_enabled":true,"_links":{"self":[{"href":"https:\/\/nvnoticias.mx\/index.php\/wp-json\/wp\/v2\/posts\/67385","targetHints":{"allow":["GET"]}}],"collection":[{"href":"https:\/\/nvnoticias.mx\/index.php\/wp-json\/wp\/v2\/posts"}],"about":[{"href":"https:\/\/nvnoticias.mx\/index.php\/wp-json\/wp\/v2\/types\/post"}],"author":[{"embeddable":true,"href":"https:\/\/nvnoticias.mx\/index.php\/wp-json\/wp\/v2\/users\/8"}],"replies":[{"embeddable":true,"href":"https:\/\/nvnoticias.mx\/index.php\/wp-json\/wp\/v2\/comments?post=67385"}],"version-history":[{"count":1,"href":"https:\/\/nvnoticias.mx\/index.php\/wp-json\/wp\/v2\/posts\/67385\/revisions"}],"predecessor-version":[{"id":67387,"href":"https:\/\/nvnoticias.mx\/index.php\/wp-json\/wp\/v2\/posts\/67385\/revisions\/67387"}],"wp:featuredmedia":[{"embeddable":true,"href":"https:\/\/nvnoticias.mx\/index.php\/wp-json\/wp\/v2\/media\/67386"}],"wp:attachment":[{"href":"https:\/\/nvnoticias.mx\/index.php\/wp-json\/wp\/v2\/media?parent=67385"}],"wp:term":[{"taxonomy":"category","embeddable":true,"href":"https:\/\/nvnoticias.mx\/index.php\/wp-json\/wp\/v2\/categories?post=67385"},{"taxonomy":"post_tag","embeddable":true,"href":"https:\/\/nvnoticias.mx\/index.php\/wp-json\/wp\/v2\/tags?post=67385"}],"curies":[{"name":"wp","href":"https:\/\/api.w.org\/{rel}","templated":true}]}}