{"id":67248,"date":"2022-07-28T16:40:44","date_gmt":"2022-07-28T21:40:44","guid":{"rendered":"https:\/\/nvnoticias.mx\/?p=67248"},"modified":"2022-07-28T16:40:46","modified_gmt":"2022-07-28T21:40:46","slug":"habla-camille-vasquez-sobre-el-juicio-y-su-relacion-con-johnny-depp","status":"publish","type":"post","link":"https:\/\/nvnoticias.mx\/index.php\/2022\/07\/28\/habla-camille-vasquez-sobre-el-juicio-y-su-relacion-con-johnny-depp\/","title":{"rendered":"Habla Camille Vasquez sobre el juicio y su relaci\u00f3n con Johnny Depp"},"content":{"rendered":"\n<p>En una amplia entrevista con la CBS, una de las principales abogadas de Johnny Depp, que salt\u00f3 a la fama asegurando una victoria legal contra su exmujer, habl\u00f3 de las ventajas de un equipo legal joven, de la petici\u00f3n de su cliente de tener c\u00e1maras en el tribunal y rechaz\u00f3 los rumores de cualquier relaci\u00f3n rom\u00e1ntica entre ella y el actor.<\/p>\n\n\n\n<p>La abogada Camille Vasquez dijo a Gayle King de CBS News que &#8220;este caso creo que requer\u00eda un equipo m\u00e1s joven&#8221;.<\/p>\n\n\n\n<blockquote class=\"wp-block-quote is-layout-flow wp-block-quote-is-layout-flow\"><p>&#8220;Porque las partes eran, eran j\u00f3venes de verdad&#8221;, continu\u00f3 &#8220;y resuenan con un p\u00fablico m\u00e1s joven, y necesitas sus perspectivas&#8221;.<\/p><\/blockquote>\n\n\n\n<p>&#8220;Creo que los j\u00f3venes tienen una perspectiva fresca sobre todo en estos temas, los temas que est\u00e1bamos discutiendo en este caso, el abuso. Yo tambi\u00e9n, esos eran los temas&#8221;, dijo Vasquez.<\/p>\n\n\n\n<p>La mayor parte del equipo jur\u00eddico ten\u00eda menos de 40 a\u00f1os, dijo, y a\u00f1adi\u00f3 que tambi\u00e9n se incorporaron dos asociados de poco m\u00e1s de 30 a\u00f1os. Una de esas asociadas, Jessica Meyers, hizo el examen directo de Depp.<\/p>\n\n\n\n<p>Sobre por qu\u00e9 el equipo quer\u00eda que hubiera c\u00e1maras en la sala del tribunal, Vasquez dijo: &#8220;Creo que era importante para el cliente&#8221;.<\/p>\n\n\n\n<blockquote class=\"wp-block-quote is-layout-flow wp-block-quote-is-layout-flow\"><p>&#8220;Para Johnny se trataba de poder contar por fin su historia y estas&#8230; estas son acusaciones horribles que se hicieron contra \u00e9l. Necesitaba poder contar su historia&#8221;, afirm\u00f3.<\/p><\/blockquote>\n\n\n\n<p>King, se\u00f1alando que se hicieron acusaciones horribles por ambas partes, le pregunt\u00f3 si se vio perjudicado de alguna manera por ello.<\/p>\n\n\n\n<blockquote class=\"wp-block-quote is-layout-flow wp-block-quote-is-layout-flow\"><p>&#8220;Creo que lleg\u00f3 a este caso pensando que no ten\u00eda nada m\u00e1s que perder, Gayle&#8221;, dijo.\u00a0&#8220;Y creo que \u00e9l ten\u00eda que ponerlo todo ah\u00ed fuera&#8221;.<\/p><\/blockquote>\n\n\n\n<p>Sobre los rumores en las redes sociales de que ella y Depp ten\u00edan una relaci\u00f3n sentimental, Camille Vasquez dijo que &#8220;fue decepcionante escucharlos, pero creo que empezaron porque a la gente le gustan las historias de amor, les gusta inventar cosas, \u00bfverdad?&#8221;<\/p>\n\n\n\n<p>Continu\u00f3 diciendo que &#8220;no significa que sean ciertas y obviamente en este caso no eran ciertas, nunca lo han sido&#8221;.<\/p>\n\n\n\n<p>Cuando se le pregunt\u00f3 sobre su aparente relaci\u00f3n &#8220;sensiblera&#8221;, tal y como se exhibi\u00f3 en fotos y videos en el juicio, Vasquez dijo: &#8220;Claro, pero yo soy sensiblera con todo el mundo&#8221;.<\/p>\n\n\n\n<blockquote class=\"wp-block-quote is-layout-flow wp-block-quote-is-layout-flow\"><p>&#8220;Quiero decir que eso es lo que soy: me describen naturalmente como una persona cari\u00f1osa&#8221;.<\/p><\/blockquote>\n\n\n\n<p>Y a\u00f1adi\u00f3: &#8220;No creo que haya nada malo en llevar por tus clientes el derecho, yo estaba luchando por su vida, su nombre&#8221;.<\/p>\n\n\n\n<blockquote class=\"wp-block-quote is-layout-flow wp-block-quote-is-layout-flow\"><p>&#8220;Es perfectamente normal, creo, ser capaz de extender una mano y darle un abrazo y hacerle sentir que estaba protegido. Todos fuimos as\u00ed con \u00e9l, entre nosotros y con \u00e9l, simplemente apoyando y protegiendo&#8221;.<\/p><\/blockquote>\n\n\n\n<p>Tras la entrevista, King inform\u00f3 que Vasquez le dijo que el tel\u00e9fono no para de sonar con hombres acusados de comportarse mal con las mujeres y en los negocios. Seg\u00fan King, son nombres que &#8220;todos conocemos&#8221;. Sin embargo, la abogada no quiso compartir detalles sobre qui\u00e9nes.<\/p>\n\n\n\n<p>Vasquez le dijo a King que no quiere que se la conozca como &#8220;de ese tipo&#8221;, la persona que te puede sacar de los problemas, seg\u00fan King.<\/p>\n\n\n\n<p>King inform\u00f3 que Vasquez y Depp hab\u00edan trabajado juntos durante cuatro a\u00f1os antes del juicio en otros casos, y que ella lo conoc\u00eda muy bien, y le cre\u00eda.<\/p>\n\n\n\n<p>Fuente:<a href=\"https:\/\/cnnespanol.cnn.com\/2022\/07\/28\/camille-vasquez-johnny-depp-trax\/\" data-type=\"URL\" data-id=\"https:\/\/cnnespanol.cnn.com\/2022\/07\/28\/camille-vasquez-johnny-depp-trax\/\"> CNN<\/a><\/p>\n","protected":false},"excerpt":{"rendered":"<p>En una amplia entrevista con la CBS, una de las principales abogadas de Johnny Depp, que salt\u00f3 a la fama asegurando una victoria legal contra su exmujer, habl\u00f3 de las ventajas de un equipo legal joven, de la petici\u00f3n de su cliente de tener c\u00e1maras en el tribunal y rechaz\u00f3 los rumores de cualquier relaci\u00f3n [&hellip;]<\/p>\n","protected":false},"author":35,"featured_media":58646,"comment_status":"open","ping_status":"open","sticky":false,"template":"","format":"standard","meta":{"_monsterinsights_skip_tracking":false,"_monsterinsights_sitenote_active":false,"_monsterinsights_sitenote_note":"","_monsterinsights_sitenote_category":0,"footnotes":""},"categories":[576],"tags":[17744,5329,1042,7446],"class_list":["post-67248","post","type-post","status-publish","format-standard","has-post-thumbnail","hentry","category-ocio","tag-camille-vasquez","tag-johnny-depp","tag-juicio","tag-relacion","wp-image-borders"],"amp_enabled":true,"_links":{"self":[{"href":"https:\/\/nvnoticias.mx\/index.php\/wp-json\/wp\/v2\/posts\/67248","targetHints":{"allow":["GET"]}}],"collection":[{"href":"https:\/\/nvnoticias.mx\/index.php\/wp-json\/wp\/v2\/posts"}],"about":[{"href":"https:\/\/nvnoticias.mx\/index.php\/wp-json\/wp\/v2\/types\/post"}],"author":[{"embeddable":true,"href":"https:\/\/nvnoticias.mx\/index.php\/wp-json\/wp\/v2\/users\/35"}],"replies":[{"embeddable":true,"href":"https:\/\/nvnoticias.mx\/index.php\/wp-json\/wp\/v2\/comments?post=67248"}],"version-history":[{"count":1,"href":"https:\/\/nvnoticias.mx\/index.php\/wp-json\/wp\/v2\/posts\/67248\/revisions"}],"predecessor-version":[{"id":67249,"href":"https:\/\/nvnoticias.mx\/index.php\/wp-json\/wp\/v2\/posts\/67248\/revisions\/67249"}],"wp:featuredmedia":[{"embeddable":true,"href":"https:\/\/nvnoticias.mx\/index.php\/wp-json\/wp\/v2\/media\/58646"}],"wp:attachment":[{"href":"https:\/\/nvnoticias.mx\/index.php\/wp-json\/wp\/v2\/media?parent=67248"}],"wp:term":[{"taxonomy":"category","embeddable":true,"href":"https:\/\/nvnoticias.mx\/index.php\/wp-json\/wp\/v2\/categories?post=67248"},{"taxonomy":"post_tag","embeddable":true,"href":"https:\/\/nvnoticias.mx\/index.php\/wp-json\/wp\/v2\/tags?post=67248"}],"curies":[{"name":"wp","href":"https:\/\/api.w.org\/{rel}","templated":true}]}}