{"id":67203,"date":"2022-07-28T13:24:11","date_gmt":"2022-07-28T18:24:11","guid":{"rendered":"https:\/\/nvnoticias.mx\/?p=67203"},"modified":"2022-07-28T13:24:12","modified_gmt":"2022-07-28T18:24:12","slug":"presenta-ayuntamiento-programa-de-actividades-turisticas-de-verano","status":"publish","type":"post","link":"https:\/\/nvnoticias.mx\/index.php\/2022\/07\/28\/presenta-ayuntamiento-programa-de-actividades-turisticas-de-verano\/","title":{"rendered":"Presenta Ayuntamiento programa de actividades tur\u00edsticas de verano"},"content":{"rendered":"\n<p>Xalapa, Ver.- Con el prop\u00f3sito de ofrecer m\u00e1s opciones de recreaci\u00f3n para todos, propiciar la llegada de visitantes y posicionar los productos tur\u00edsticos que ofrece Xalapa y la regi\u00f3n, se present\u00f3 el Programa de actividades tur\u00edsticas verano 2022, conformado por cuatro nuevos conceptos de promoci\u00f3n.<\/p>\n\n\n\n<p>En conferencia de prensa, el encargado de la Direcci\u00f3n de Turismo, Josu\u00e9 V\u00e1zquez Gonz\u00e1lez, manifest\u00f3 que esto es resultado de la sinergia y trabajo de colaboraci\u00f3n con la iniciativa privada, prestadores de servicio e instituciones como la Universidad Veracruzana (UV).<\/p>\n\n\n\n<p>Acompa\u00f1ado por la subdirectora de Promoci\u00f3n Tur\u00edstica, Gisela Rivera del \u00c1ngel, detall\u00f3 que en coordinaci\u00f3n con la Fundaci\u00f3n UV y la Unidad de Manejo de Fauna, este viernes 29 de julio y el 5 de agosto se desarrollar\u00e1 la actividad recorrido \u201cVida animal nocturna\u201d en el campus para la Cultura, las Artes y Deporte (CAD), donde con el apoyo de bi\u00f3logos expertos y xalape\u00f1os podr\u00e1n conocer la fauna silvestre.<\/p>\n\n\n\n<p>En el recorrido apreciar\u00e1n luci\u00e9rnagas, murci\u00e9lagos, aves, alacranes, serpientes, tortugas y podr\u00e1n interactuar con algunas especies en cautiverio. Hay una cuota de recuperaci\u00f3n m\u00ednima que se destinar\u00e1 a la Fundaci\u00f3n UV. El cupo est\u00e1 limitado a 40 personas. Los interesados en asistir al recorrido que se realizar\u00e1 de 19:45 a 22:00 horas pueden reservar su lugar en la p\u00e1gina de Facebook: Visita Xalapa.<\/p>\n\n\n\n<p>Como parte del programa, adem\u00e1s se realizar\u00e1 el \u201cTour de verano en la Laguna de El Castillo\u201d. Se trata de una actividad de aventura rural que permitir\u00e1 a los visitantes convivir con la naturaleza, navegar por los cuerpos de agua, conocer distintos aspectos de las aves acu\u00e1ticas y la pesca tradicional.<\/p>\n\n\n\n<p>Esta actividad se desarrollar\u00e1 el 10, 11, 17 y 18 de agosto, de 10:00 a 13:30 horas. La cuota de recuperaci\u00f3n se destinar\u00e1 al comit\u00e9 de la laguna. Las reservaciones se hacen en la misma p\u00e1gina de Facebook.<\/p>\n\n\n\n<p>El tercer producto para esta temporada es \u201cVerano con las aves en el parque El Haya\u201d. Con ello se busca promover el aviturismo en Xalapa y la regi\u00f3n, que cuenta con 391 especies residentes y migratorias, lo que representa del 30 al 32 por ciento de la especies observadas en el pa\u00eds.<\/p>\n\n\n\n<p>Esta experiencia que se desarrollar\u00e1 de 11:00 a 14:00 horas los d\u00edas 12, 13, 26 y 27 de agosto est\u00e1 dirigida a ni\u00f1as y ni\u00f1os de 6 a 11 a\u00f1os, quienes podr\u00e1n conocer diversos aspectos del parque, las aves y realizar actividades art\u00edsticas. No tiene costo y el cupo est\u00e1 limitado a 25 personas. Las reservaciones tambi\u00e9n se hacen en la p\u00e1gina Visita Xalapa.<\/p>\n\n\n\n<p>La \u00faltima actividad es el \u201cTour de barras de caf\u00e9\u201d en el centro hist\u00f3rico. Se trata de un recorrido por calles emblem\u00e1ticas de la ciudad acompa\u00f1ado de m\u00fasica jarocha y la visita a cuatro barras de caf\u00e9. Los asistentes podr\u00e1n degustar y conocer los procesos de extracci\u00f3n del caf\u00e9 con expertos baristas, as\u00ed como las fusiones, aromas, sabores y presentaciones del grano.<\/p>\n\n\n\n<p>El tour se llevar\u00e1 a cabo los d\u00edas 11, 12, 18 y 19 de agosto a partir de las 17:00 horas. El cupo es de 20 personas con una cuota de recuperaci\u00f3n de 150 pesos que ser\u00e1n destinados a los gastos de operaci\u00f3n de las barras.<\/p>\n\n\n\n<p>Adem\u00e1s, se presentaron las cuponeras tur\u00edsticas 2022, que estar\u00e1n disponibles a partir del 1 agosto en los m\u00f3dulos de informaci\u00f3n tur\u00edstica de Xalapa de forma gratuita. Con ellas los visitantes conocer\u00e1n los espacios culturales y recreativos que se tienen en el municipio y la regi\u00f3n.<\/p>\n\n\n\n<p>Presentando los cupones en taquilla, los visitantes obtendr\u00e1n descuentos del 10 al 50 por ciento en los lugares que tienen un costo de entrada. Sin embargo, hay otros como el Museo Casa de Xalapa, el Museo de la M\u00fasica Veracruzana y el Centro Recreativo Xalape\u00f1o, con acceso libre.<\/p>\n\n\n\n<p>Finalmente, la regidora presidenta de la Comisi\u00f3n Edilicia de Turismo, Ana Cristina Hern\u00e1ndez Aburto, reiter\u00f3 el compromiso del Gobierno de Municipal para continuar creando nuevos conceptos tur\u00edsticos e innovando productos que propicien la llegada de m\u00e1s visitantes.<\/p>\n\n\n\n<div class=\"wp-block-image\"><figure class=\"aligncenter size-large is-resized\"><img loading=\"lazy\" decoding=\"async\" src=\"https:\/\/nvnoticias.mx\/wp-content\/uploads\/2022\/07\/WhatsApp-Image-2022-07-28-at-12.30.09-PM-1-682x1024.jpeg\" alt=\"\" class=\"wp-image-67204\" width=\"613\" height=\"919\" srcset=\"https:\/\/nvnoticias.mx\/wp-content\/uploads\/2022\/07\/WhatsApp-Image-2022-07-28-at-12.30.09-PM-1-682x1024.jpeg 682w, https:\/\/nvnoticias.mx\/wp-content\/uploads\/2022\/07\/WhatsApp-Image-2022-07-28-at-12.30.09-PM-1-200x300.jpeg 200w, https:\/\/nvnoticias.mx\/wp-content\/uploads\/2022\/07\/WhatsApp-Image-2022-07-28-at-12.30.09-PM-1-768x1152.jpeg 768w, https:\/\/nvnoticias.mx\/wp-content\/uploads\/2022\/07\/WhatsApp-Image-2022-07-28-at-12.30.09-PM-1.jpeg 853w\" sizes=\"auto, (max-width: 613px) 100vw, 613px\" \/><\/figure><\/div>\n\n\n\n<div class=\"wp-block-image\"><figure class=\"aligncenter size-large is-resized\"><img loading=\"lazy\" decoding=\"async\" src=\"https:\/\/nvnoticias.mx\/wp-content\/uploads\/2022\/07\/WhatsApp-Image-2022-07-28-at-12.30.09-PM-1024x682.jpeg\" alt=\"\" class=\"wp-image-67205\" width=\"622\" height=\"414\" srcset=\"https:\/\/nvnoticias.mx\/wp-content\/uploads\/2022\/07\/WhatsApp-Image-2022-07-28-at-12.30.09-PM-1024x682.jpeg 1024w, https:\/\/nvnoticias.mx\/wp-content\/uploads\/2022\/07\/WhatsApp-Image-2022-07-28-at-12.30.09-PM-300x200.jpeg 300w, https:\/\/nvnoticias.mx\/wp-content\/uploads\/2022\/07\/WhatsApp-Image-2022-07-28-at-12.30.09-PM-768x512.jpeg 768w, https:\/\/nvnoticias.mx\/wp-content\/uploads\/2022\/07\/WhatsApp-Image-2022-07-28-at-12.30.09-PM.jpeg 1280w\" sizes=\"auto, (max-width: 622px) 100vw, 622px\" \/><\/figure><\/div>\n","protected":false},"excerpt":{"rendered":"<p>Xalapa, Ver.- Con el prop\u00f3sito de ofrecer m\u00e1s opciones de recreaci\u00f3n para todos, propiciar la llegada de visitantes y posicionar los productos tur\u00edsticos que ofrece Xalapa y la regi\u00f3n, se present\u00f3 el Programa de actividades tur\u00edsticas verano 2022, conformado por cuatro nuevos conceptos de promoci\u00f3n. En conferencia de prensa, el encargado de la Direcci\u00f3n de [&hellip;]<\/p>\n","protected":false},"author":8,"featured_media":67206,"comment_status":"open","ping_status":"open","sticky":false,"template":"","format":"standard","meta":{"_monsterinsights_skip_tracking":false,"_monsterinsights_sitenote_active":false,"_monsterinsights_sitenote_note":"","_monsterinsights_sitenote_category":0,"footnotes":""},"categories":[156],"tags":[17729,10426],"class_list":["post-67203","post","type-post","status-publish","format-standard","has-post-thumbnail","hentry","category-estado","tag-actividades-turisticas","tag-ayuntamiento-de-xalapa","wp-image-borders"],"amp_enabled":true,"_links":{"self":[{"href":"https:\/\/nvnoticias.mx\/index.php\/wp-json\/wp\/v2\/posts\/67203","targetHints":{"allow":["GET"]}}],"collection":[{"href":"https:\/\/nvnoticias.mx\/index.php\/wp-json\/wp\/v2\/posts"}],"about":[{"href":"https:\/\/nvnoticias.mx\/index.php\/wp-json\/wp\/v2\/types\/post"}],"author":[{"embeddable":true,"href":"https:\/\/nvnoticias.mx\/index.php\/wp-json\/wp\/v2\/users\/8"}],"replies":[{"embeddable":true,"href":"https:\/\/nvnoticias.mx\/index.php\/wp-json\/wp\/v2\/comments?post=67203"}],"version-history":[{"count":1,"href":"https:\/\/nvnoticias.mx\/index.php\/wp-json\/wp\/v2\/posts\/67203\/revisions"}],"predecessor-version":[{"id":67207,"href":"https:\/\/nvnoticias.mx\/index.php\/wp-json\/wp\/v2\/posts\/67203\/revisions\/67207"}],"wp:featuredmedia":[{"embeddable":true,"href":"https:\/\/nvnoticias.mx\/index.php\/wp-json\/wp\/v2\/media\/67206"}],"wp:attachment":[{"href":"https:\/\/nvnoticias.mx\/index.php\/wp-json\/wp\/v2\/media?parent=67203"}],"wp:term":[{"taxonomy":"category","embeddable":true,"href":"https:\/\/nvnoticias.mx\/index.php\/wp-json\/wp\/v2\/categories?post=67203"},{"taxonomy":"post_tag","embeddable":true,"href":"https:\/\/nvnoticias.mx\/index.php\/wp-json\/wp\/v2\/tags?post=67203"}],"curies":[{"name":"wp","href":"https:\/\/api.w.org\/{rel}","templated":true}]}}