{"id":67196,"date":"2022-07-28T13:03:43","date_gmt":"2022-07-28T18:03:43","guid":{"rendered":"https:\/\/nvnoticias.mx\/?p=67196"},"modified":"2022-07-28T13:03:43","modified_gmt":"2022-07-28T18:03:43","slug":"chiapas-y-veracruz-estrecharon-lazos-comerciales","status":"publish","type":"post","link":"https:\/\/nvnoticias.mx\/index.php\/2022\/07\/28\/chiapas-y-veracruz-estrecharon-lazos-comerciales\/","title":{"rendered":"Chiapas y Veracruz estrecharon lazos comerciales"},"content":{"rendered":"\n<p><strong>Jes\u00fas Utrilla \/ NV Noticias<\/strong><\/p>\n\n\n\n<p>Los estados de Chiapas y Veracruz comparten visitantes a lo largo del a\u00f1o, por ello estrecharon lazos comerciales.<\/p>\n\n\n\n<p>Francisco Javier Dom\u00ednguez Andrade, director general del Bur\u00f3 Municipal de Tuxtla Guti\u00e9rrez, Chiapas, se\u00f1al\u00f3 que durante todo el a\u00f1o lo veracruzanos viajan hacia esa entidad y los chiapanecos visitan Veracruz.<\/p>\n\n\n\n<p>Con la promoci\u00f3n tur\u00edstica se espera que ambos estados se vean beneficiados durante el verano.<\/p>\n\n\n\n<p>Chiapas es naturaleza y cultura con 11 centros arqueol\u00f3gicos de la cultura maya y vestigios zoques en la costa.<\/p>\n\n\n\n<blockquote class=\"wp-block-quote is-layout-flow wp-block-quote-is-layout-flow\"><p>\u201c<em>Chiapas es diversidad. Tenemos 11 etnias que representa 11 tipos de artesan\u00edas, 11 gastronom\u00edas distintas, 11 festividades distintas a lo largo del a\u00f1o y que llevan a cabo cada una de estas culturas<\/em>\u201d.<\/p><\/blockquote>\n\n\n\n<p>Record\u00f3 que Chiapas fue uno de los primeros estados en alcanzar el sem\u00e1foro epidemiol\u00f3gico verde pero adem\u00e1s se certific\u00f3 en el distintivo denominado Contacto Limpio y se alcanz\u00f3 el sexto lugar en destino de M\u00e9xico.<\/p>\n","protected":false},"excerpt":{"rendered":"<p>Jes\u00fas Utrilla \/ NV Noticias Los estados de Chiapas y Veracruz comparten visitantes a lo largo del a\u00f1o, por ello estrecharon lazos comerciales. Francisco Javier Dom\u00ednguez Andrade, director general del Bur\u00f3 Municipal de Tuxtla Guti\u00e9rrez, Chiapas, se\u00f1al\u00f3 que durante todo el a\u00f1o lo veracruzanos viajan hacia esa entidad y los chiapanecos visitan Veracruz. Con la [&hellip;]<\/p>\n","protected":false},"author":8,"featured_media":67198,"comment_status":"open","ping_status":"open","sticky":false,"template":"","format":"standard","meta":{"_monsterinsights_skip_tracking":false,"_monsterinsights_sitenote_active":false,"_monsterinsights_sitenote_note":"","_monsterinsights_sitenote_category":0,"footnotes":""},"categories":[154],"tags":[4360,17726,180],"class_list":["post-67196","post","type-post","status-publish","format-standard","has-post-thumbnail","hentry","category-veracruz","tag-chiapas","tag-lazos-comerciales","tag-veracruz","wp-image-borders"],"amp_enabled":true,"_links":{"self":[{"href":"https:\/\/nvnoticias.mx\/index.php\/wp-json\/wp\/v2\/posts\/67196","targetHints":{"allow":["GET"]}}],"collection":[{"href":"https:\/\/nvnoticias.mx\/index.php\/wp-json\/wp\/v2\/posts"}],"about":[{"href":"https:\/\/nvnoticias.mx\/index.php\/wp-json\/wp\/v2\/types\/post"}],"author":[{"embeddable":true,"href":"https:\/\/nvnoticias.mx\/index.php\/wp-json\/wp\/v2\/users\/8"}],"replies":[{"embeddable":true,"href":"https:\/\/nvnoticias.mx\/index.php\/wp-json\/wp\/v2\/comments?post=67196"}],"version-history":[{"count":1,"href":"https:\/\/nvnoticias.mx\/index.php\/wp-json\/wp\/v2\/posts\/67196\/revisions"}],"predecessor-version":[{"id":67199,"href":"https:\/\/nvnoticias.mx\/index.php\/wp-json\/wp\/v2\/posts\/67196\/revisions\/67199"}],"wp:featuredmedia":[{"embeddable":true,"href":"https:\/\/nvnoticias.mx\/index.php\/wp-json\/wp\/v2\/media\/67198"}],"wp:attachment":[{"href":"https:\/\/nvnoticias.mx\/index.php\/wp-json\/wp\/v2\/media?parent=67196"}],"wp:term":[{"taxonomy":"category","embeddable":true,"href":"https:\/\/nvnoticias.mx\/index.php\/wp-json\/wp\/v2\/categories?post=67196"},{"taxonomy":"post_tag","embeddable":true,"href":"https:\/\/nvnoticias.mx\/index.php\/wp-json\/wp\/v2\/tags?post=67196"}],"curies":[{"name":"wp","href":"https:\/\/api.w.org\/{rel}","templated":true}]}}