{"id":67193,"date":"2022-07-28T12:58:14","date_gmt":"2022-07-28T17:58:14","guid":{"rendered":"https:\/\/nvnoticias.mx\/?p=67193"},"modified":"2022-07-28T12:58:14","modified_gmt":"2022-07-28T17:58:14","slug":"nahle-puede-ser-candidata-a-gobernadora-de-veracruz-por-jurisprudencia-de-la-corte-gobernador","status":"publish","type":"post","link":"https:\/\/nvnoticias.mx\/index.php\/2022\/07\/28\/nahle-puede-ser-candidata-a-gobernadora-de-veracruz-por-jurisprudencia-de-la-corte-gobernador\/","title":{"rendered":"Nahle puede ser candidata a gobernadora de Veracruz por jurisprudencia de la Corte: Gobernador"},"content":{"rendered":"\n<p><strong>Sam Ojeda\u00a0\/ NV Noticias<\/strong><\/p>\n\n\n\n<p>Xalapa. &#8211; La secretaria de Energ\u00eda, Roc\u00edo Nahle, puede ser candidata a gobernadora de Veracruz sin ser originaria de la entidad, debido a una jurisprudencia fijada por la Suprema Corte de Justicia de la Naci\u00f3n (SCJN), dijo el gobernador Cuitl\u00e1huac Garc\u00eda Jim\u00e9nez.\u00a0<\/p>\n\n\n\n<p>Respondi\u00f3 lo anterior al cuestionarlo sobre la reforma a la Constituci\u00f3n Pol\u00edtica de Veracruz que se propondr\u00e1 en el Congreso local y que permitir\u00eda a la zacatecana ser candidata a gobernadora de la entidad.<\/p>\n\n\n\n<p>El mandatario indic\u00f3 que la Corte ya fij\u00f3 jurisprudencia al respecto al se\u00f1alar que no se requiere ser originario de un estado para buscar una candidatura a cargos de elecci\u00f3n popular y que los estados deber\u00edan armonizar sus leyes.\u00a0<\/p>\n\n\n\n<blockquote class=\"wp-block-quote is-layout-flow wp-block-quote-is-layout-flow\"><p>\u201c<em>No pierdan de vista que la Suprema Corte de Justicia ya fij\u00f3 jurisprudencia al respecto; no necesita ser nacido en un estado para acceder a los cargos p\u00fablicos por elecci\u00f3n m\u00e1s altos<\/em>\u201d, dijo.\u00a0<\/p><\/blockquote>\n\n\n\n<p>Y es que los diputados de Morena presentar\u00e1n la denominada \u201cLey Nahle\u201d para modificar los art\u00edculos 43 y 11 de la Constituci\u00f3n Pol\u00edtica Local a fin de eliminar los candados que le permitan a la funcionaria ser candidata a gobernadora en 2024.<\/p>\n\n\n\n<p>Sobre ello, el Gobernador insisti\u00f3 en que por ley no se requiere ser originario del estado en cuesti\u00f3n para postularse a un cargo p\u00fablico y que ya hay gobernadores que han sido elegidos a pesar de haber nacido en otra entidad.\u00a0<\/p>\n\n\n\n<blockquote class=\"wp-block-quote is-layout-flow wp-block-quote-is-layout-flow\"><p>\u201c<em>Tenemos gobernadores que no nacieron en su estado y que est\u00e1n gobernando debido a esa resoluci\u00f3n. Pienso que todos los Congresos de los estados tienen que sintonizarse de acuerdo a esa resoluci\u00f3n de la Corte<\/em>\u201d.<\/p><\/blockquote>\n","protected":false},"excerpt":{"rendered":"<p>Sam Ojeda\u00a0\/ NV Noticias Xalapa. &#8211; La secretaria de Energ\u00eda, Roc\u00edo Nahle, puede ser candidata a gobernadora de Veracruz sin ser originaria de la entidad, debido a una jurisprudencia fijada por la Suprema Corte de Justicia de la Naci\u00f3n (SCJN), dijo el gobernador Cuitl\u00e1huac Garc\u00eda Jim\u00e9nez.\u00a0 Respondi\u00f3 lo anterior al cuestionarlo sobre la reforma a [&hellip;]<\/p>\n","protected":false},"author":8,"featured_media":67194,"comment_status":"open","ping_status":"open","sticky":false,"template":"","format":"standard","meta":{"_monsterinsights_skip_tracking":false,"_monsterinsights_sitenote_active":false,"_monsterinsights_sitenote_note":"","_monsterinsights_sitenote_category":0,"footnotes":""},"categories":[156],"tags":[4853,162,1594,3194,180],"class_list":["post-67193","post","type-post","status-publish","format-standard","has-post-thumbnail","hentry","category-estado","tag-gobernadora","tag-portada","tag-rocio-nahle","tag-scjn","tag-veracruz","wp-image-borders"],"amp_enabled":true,"_links":{"self":[{"href":"https:\/\/nvnoticias.mx\/index.php\/wp-json\/wp\/v2\/posts\/67193","targetHints":{"allow":["GET"]}}],"collection":[{"href":"https:\/\/nvnoticias.mx\/index.php\/wp-json\/wp\/v2\/posts"}],"about":[{"href":"https:\/\/nvnoticias.mx\/index.php\/wp-json\/wp\/v2\/types\/post"}],"author":[{"embeddable":true,"href":"https:\/\/nvnoticias.mx\/index.php\/wp-json\/wp\/v2\/users\/8"}],"replies":[{"embeddable":true,"href":"https:\/\/nvnoticias.mx\/index.php\/wp-json\/wp\/v2\/comments?post=67193"}],"version-history":[{"count":1,"href":"https:\/\/nvnoticias.mx\/index.php\/wp-json\/wp\/v2\/posts\/67193\/revisions"}],"predecessor-version":[{"id":67195,"href":"https:\/\/nvnoticias.mx\/index.php\/wp-json\/wp\/v2\/posts\/67193\/revisions\/67195"}],"wp:featuredmedia":[{"embeddable":true,"href":"https:\/\/nvnoticias.mx\/index.php\/wp-json\/wp\/v2\/media\/67194"}],"wp:attachment":[{"href":"https:\/\/nvnoticias.mx\/index.php\/wp-json\/wp\/v2\/media?parent=67193"}],"wp:term":[{"taxonomy":"category","embeddable":true,"href":"https:\/\/nvnoticias.mx\/index.php\/wp-json\/wp\/v2\/categories?post=67193"},{"taxonomy":"post_tag","embeddable":true,"href":"https:\/\/nvnoticias.mx\/index.php\/wp-json\/wp\/v2\/tags?post=67193"}],"curies":[{"name":"wp","href":"https:\/\/api.w.org\/{rel}","templated":true}]}}