{"id":67149,"date":"2022-07-28T11:01:45","date_gmt":"2022-07-28T16:01:45","guid":{"rendered":"https:\/\/nvnoticias.mx\/?p=67149"},"modified":"2022-07-28T11:03:11","modified_gmt":"2022-07-28T16:03:11","slug":"responde-amlo-a-moodys-por-pronostico-de-recesion-y-la-niega","status":"publish","type":"post","link":"https:\/\/nvnoticias.mx\/index.php\/2022\/07\/28\/responde-amlo-a-moodys-por-pronostico-de-recesion-y-la-niega\/","title":{"rendered":"Responde AMLO a Moody\u2019s por pron\u00f3stico de recesi\u00f3n y la niega"},"content":{"rendered":"\n<p>El presidente Andr\u00e9s Manuel L\u00f3pez Obrador dijo que el modelo de medici\u00f3n de calificadoras como Moody\u2019s sigue bas\u00e1ndose en la pol\u00edtica neoliberal, que hoy est\u00e1 en crisis a nivel mundial, y que s\u00f3lo busca privilegiar el endeudamiento de los pa\u00edses para poder sortear la crisis econ\u00f3mica.<\/p>\n\n\n\n<blockquote class=\"wp-block-quote is-layout-flow wp-block-quote-is-layout-flow\"><p>\u201cSon modelos de medici\u00f3n que van de la mano con la pol\u00edtica neoliberal, pero que est\u00e1n en franca decadencia, el modelo neoliberal est\u00e1 en crisis en el mundo, baste ver c\u00f3mo estamos a nivel mundial. S\u00ed afect\u00f3 la pandemia, pero se cay\u00f3 la econom\u00eda como no hab\u00eda sucedido en 70 a\u00f1os. Ahora con la guerra en Ucrania lo mismo, una inflaci\u00f3n galopante en todo el mundo.<\/p><\/blockquote>\n\n\n\n<blockquote class=\"wp-block-quote is-layout-flow wp-block-quote-is-layout-flow\"><p>\u201cS\u00ed es una crisis de la pol\u00edtica econ\u00f3mica mundial, pero no quieren revisarla, se aferran a lo mismo. Ahora para la pandemia, la receta de los organismos financieros para enfrentar la crisis era la misma que se aplic\u00f3 desde los a\u00f1os 80, endeudar al pa\u00eds\u201d, arremeti\u00f3 el mandatario federal en su conferencia de prensa matutina.<\/p><\/blockquote>\n\n\n\n<p>El pasado lunes, Moody\u2019s Analytics consider\u00f3 que ante una posible desaceleraci\u00f3n de la econom\u00eda mundial, M\u00e9xico podr\u00eda entrar en recesi\u00f3n para mediados de 2023 y \u00e9sta podr\u00eda prolongarse al menos 9 meses hasta 2024.<\/p>\n\n\n\n<p>Una de las razones de la recesi\u00f3n en M\u00e9xico se originar\u00eda en Estados Unidos, que experimenta contracciones econ\u00f3micas y por las alzas en las tasas de inter\u00e9s promovidas por el Banco de M\u00e9xico (Banxico) para contener la alta inflaci\u00f3n.<\/p>\n\n\n\n<p>-\u00bfEn M\u00e9xico habr\u00e1 inflaci\u00f3n como pronostica Moody\u2019s?, se le cuestion\u00f3.<\/p>\n\n\n\n<p>\u201cAl menos en M\u00e9xico, no (habr\u00e1 inflaci\u00f3n). Ya enfrentamos lo m\u00e1s dif\u00edcil, lo m\u00e1s doloroso, el da\u00f1o que dej\u00f3 la pandemia y eso lo vamos a ir enfrentando, la inflaci\u00f3n, que no se pierda poder de compra\u201d, sostuvo L\u00f3pez Obrador.<\/p>\n\n\n\n<p>Seg\u00fan la calificadora, la econom\u00eda mexicana enfrenta una combinaci\u00f3n de eventos desfavorables: persistencia de choques de oferta en la econom\u00eda global, altos precios de las materias primas, as\u00ed como el debilitamiento de la demanda interna ante la necesidad de una mayor restricci\u00f3n monetaria para abatir la alta inflaci\u00f3n.<\/p>\n\n\n\n<p>Al respecto, el presidente de la Rep\u00fablica revir\u00f3 que M\u00e9xico vive un momento incomparable para la recepci\u00f3n de inversiones debido a que m\u00e1s empresas, dispersas en Asia, buscan una cercan\u00eda con Estados Unidos y cerrar las brechas en la cadena de suministros.<\/p>\n\n\n\n<p>\u201cPor eso crece y crece la inversi\u00f3n extranjera, lo que llega de inversi\u00f3n for\u00e1nea y por eso quer\u00eda yo lo de las exportaciones \u00bflo tienen? F\u00edjense lo que est\u00e1 pasando, ese es un elemento a favor que se tiene. En junio de 2022, las importaciones superar\u00edan a las exportaciones en 3 mil 957 millones de d\u00f3lares\u201d, dijo.<\/p>\n\n\n\n<p>\u201cNo s\u00f3lo se trata de medir crecimiento, puede que no haya crecimiento con relaci\u00f3n a lo que pasaba antes, pero se distribuye la riqueza con justicia, lo poco o mucho que se tiene, con justicia y eso es fundamental, esa es la diferencia entre crecimiento y desarrollo\u201d, a\u00f1adi\u00f3.<\/p>\n\n\n\n<p>De acuerdo con Moody\u2019s, la econom\u00eda mexicana acumula una contracci\u00f3n de 3.4% del segundo al cuarto trimestre de 2023, mucho mayor a la ca\u00edda reportada por la econom\u00eda estadounidense de 2.1%.<\/p>\n\n\n\n<p>Fuente: <a href=\"https:\/\/www.forbes.com.mx\/miden-bajo-logica-neoliberal-amlo-responde-a-moodys-por-pronostico-de-recesion-y-la-niega\/\" data-type=\"URL\" data-id=\"https:\/\/www.forbes.com.mx\/miden-bajo-logica-neoliberal-amlo-responde-a-moodys-por-pronostico-de-recesion-y-la-niega\/\">Forbes<\/a><\/p>\n","protected":false},"excerpt":{"rendered":"<p>El presidente Andr\u00e9s Manuel L\u00f3pez Obrador dijo que el modelo de medici\u00f3n de calificadoras como Moody\u2019s sigue bas\u00e1ndose en la pol\u00edtica neoliberal, que hoy est\u00e1 en crisis a nivel mundial, y que s\u00f3lo busca privilegiar el endeudamiento de los pa\u00edses para poder sortear la crisis econ\u00f3mica. \u201cSon modelos de medici\u00f3n que van de la mano [&hellip;]<\/p>\n","protected":false},"author":35,"featured_media":67150,"comment_status":"open","ping_status":"open","sticky":false,"template":"","format":"standard","meta":{"_monsterinsights_skip_tracking":false,"_monsterinsights_sitenote_active":false,"_monsterinsights_sitenote_note":"","_monsterinsights_sitenote_category":0,"footnotes":""},"categories":[157],"tags":[188,17623,7927,162,2921,14675,9477],"class_list":["post-67149","post","type-post","status-publish","format-standard","has-post-thumbnail","hentry","category-nacional","tag-amlo","tag-moodys-analytics","tag-niega","tag-portada","tag-pronostico","tag-recesion","tag-responde","wp-image-borders"],"amp_enabled":true,"_links":{"self":[{"href":"https:\/\/nvnoticias.mx\/index.php\/wp-json\/wp\/v2\/posts\/67149","targetHints":{"allow":["GET"]}}],"collection":[{"href":"https:\/\/nvnoticias.mx\/index.php\/wp-json\/wp\/v2\/posts"}],"about":[{"href":"https:\/\/nvnoticias.mx\/index.php\/wp-json\/wp\/v2\/types\/post"}],"author":[{"embeddable":true,"href":"https:\/\/nvnoticias.mx\/index.php\/wp-json\/wp\/v2\/users\/35"}],"replies":[{"embeddable":true,"href":"https:\/\/nvnoticias.mx\/index.php\/wp-json\/wp\/v2\/comments?post=67149"}],"version-history":[{"count":1,"href":"https:\/\/nvnoticias.mx\/index.php\/wp-json\/wp\/v2\/posts\/67149\/revisions"}],"predecessor-version":[{"id":67151,"href":"https:\/\/nvnoticias.mx\/index.php\/wp-json\/wp\/v2\/posts\/67149\/revisions\/67151"}],"wp:featuredmedia":[{"embeddable":true,"href":"https:\/\/nvnoticias.mx\/index.php\/wp-json\/wp\/v2\/media\/67150"}],"wp:attachment":[{"href":"https:\/\/nvnoticias.mx\/index.php\/wp-json\/wp\/v2\/media?parent=67149"}],"wp:term":[{"taxonomy":"category","embeddable":true,"href":"https:\/\/nvnoticias.mx\/index.php\/wp-json\/wp\/v2\/categories?post=67149"},{"taxonomy":"post_tag","embeddable":true,"href":"https:\/\/nvnoticias.mx\/index.php\/wp-json\/wp\/v2\/tags?post=67149"}],"curies":[{"name":"wp","href":"https:\/\/api.w.org\/{rel}","templated":true}]}}