{"id":67038,"date":"2022-07-27T12:58:48","date_gmt":"2022-07-27T17:58:48","guid":{"rendered":"https:\/\/nvnoticias.mx\/?p=67038"},"modified":"2022-07-27T12:58:48","modified_gmt":"2022-07-27T17:58:48","slug":"anuncian-el-arte-mercado-en-el-foro-boca-los-dias-30-y-31-de-julio","status":"publish","type":"post","link":"https:\/\/nvnoticias.mx\/index.php\/2022\/07\/27\/anuncian-el-arte-mercado-en-el-foro-boca-los-dias-30-y-31-de-julio\/","title":{"rendered":"Anuncian el Arte Mercado, en el Foro Boca, los d\u00edas 30 y 31 de julio"},"content":{"rendered":"\n<p><strong>Jes\u00fas Utrilla \/ NV Noticias<\/strong><\/p>\n\n\n\n<p>Los d\u00edas 30 y 31 de julio se llevar\u00e1 a cabo el Arte Mercado en el Foro Boca del municipio de Boca Del R\u00edo.<\/p>\n\n\n\n<p>Jenny Camacho, organizadora del evento, explic\u00f3 que participar\u00e1n artistas pl\u00e1sticos, ceramistas, dise\u00f1adores y autores veracruzanos.<\/p>\n\n\n\n<blockquote class=\"wp-block-quote is-layout-flow wp-block-quote-is-layout-flow\"><p>\u201c<em>Arte Mercado es un espacio cultural para la venta y difusi\u00f3n del arte veracruzano. Los invitamos a Arte Mercado en el Foro Boca<\/em>\u201d.<\/p><\/blockquote>\n\n\n\n<p>En el evento tambi\u00e9n se impartir\u00e1n talleres por lo que invit\u00f3 a los interesados a registrarse y a acudir a las actividades el fin de semana.<\/p>\n\n\n\n<p>Casa M\u00facara ofrecer\u00e1 taller de dibujo y pintura. Habr\u00e1 otro de arte para ni\u00f1os.<\/p>\n\n\n\n<blockquote class=\"wp-block-quote is-layout-flow wp-block-quote-is-layout-flow\"><p>\u201c<em>Nos pueden buscar en redes sociales, en Instagram, en Facebook como arte mercado ver y pueden ver a las personas que participar\u00e1n\u201d<\/em>.<\/p><\/blockquote>\n\n\n\n<p>Ser\u00e1n al rededor de 40 expositores y los costos pueden conocerse en las redes sociales del evento.<\/p>\n\n\n\n<p>Por su parte Sonia Ch\u00e1vez, quien tambi\u00e9n coordina el evento afirm\u00f3 que luego de la parte complicada de la emergencia sanitaria y con la apertura de nuevos espacios se ha beneficiado al sector de las artes y la cultura, sin embargo, falta mucho por hacer por los artistas y talentos veracruzanos.<\/p>\n\n\n\n<p>Por eso con este tipo de eventos se busca fortalecerlos y posicionarlos.<\/p>\n","protected":false},"excerpt":{"rendered":"<p>Jes\u00fas Utrilla \/ NV Noticias Los d\u00edas 30 y 31 de julio se llevar\u00e1 a cabo el Arte Mercado en el Foro Boca del municipio de Boca Del R\u00edo. Jenny Camacho, organizadora del evento, explic\u00f3 que participar\u00e1n artistas pl\u00e1sticos, ceramistas, dise\u00f1adores y autores veracruzanos. \u201cArte Mercado es un espacio cultural para la venta y difusi\u00f3n [&hellip;]<\/p>\n","protected":false},"author":8,"featured_media":67039,"comment_status":"open","ping_status":"open","sticky":false,"template":"","format":"standard","meta":{"_monsterinsights_skip_tracking":false,"_monsterinsights_sitenote_active":false,"_monsterinsights_sitenote_note":"","_monsterinsights_sitenote_category":0,"footnotes":""},"categories":[154],"tags":[17696,15509],"class_list":["post-67038","post","type-post","status-publish","format-standard","has-post-thumbnail","hentry","category-veracruz","tag-arte-mercado","tag-foro-boca","wp-image-borders"],"amp_enabled":true,"_links":{"self":[{"href":"https:\/\/nvnoticias.mx\/index.php\/wp-json\/wp\/v2\/posts\/67038","targetHints":{"allow":["GET"]}}],"collection":[{"href":"https:\/\/nvnoticias.mx\/index.php\/wp-json\/wp\/v2\/posts"}],"about":[{"href":"https:\/\/nvnoticias.mx\/index.php\/wp-json\/wp\/v2\/types\/post"}],"author":[{"embeddable":true,"href":"https:\/\/nvnoticias.mx\/index.php\/wp-json\/wp\/v2\/users\/8"}],"replies":[{"embeddable":true,"href":"https:\/\/nvnoticias.mx\/index.php\/wp-json\/wp\/v2\/comments?post=67038"}],"version-history":[{"count":1,"href":"https:\/\/nvnoticias.mx\/index.php\/wp-json\/wp\/v2\/posts\/67038\/revisions"}],"predecessor-version":[{"id":67040,"href":"https:\/\/nvnoticias.mx\/index.php\/wp-json\/wp\/v2\/posts\/67038\/revisions\/67040"}],"wp:featuredmedia":[{"embeddable":true,"href":"https:\/\/nvnoticias.mx\/index.php\/wp-json\/wp\/v2\/media\/67039"}],"wp:attachment":[{"href":"https:\/\/nvnoticias.mx\/index.php\/wp-json\/wp\/v2\/media?parent=67038"}],"wp:term":[{"taxonomy":"category","embeddable":true,"href":"https:\/\/nvnoticias.mx\/index.php\/wp-json\/wp\/v2\/categories?post=67038"},{"taxonomy":"post_tag","embeddable":true,"href":"https:\/\/nvnoticias.mx\/index.php\/wp-json\/wp\/v2\/tags?post=67038"}],"curies":[{"name":"wp","href":"https:\/\/api.w.org\/{rel}","templated":true}]}}