{"id":66876,"date":"2022-07-26T15:58:16","date_gmt":"2022-07-26T20:58:16","guid":{"rendered":"https:\/\/nvnoticias.mx\/?p=66876"},"modified":"2022-07-26T15:58:18","modified_gmt":"2022-07-26T20:58:18","slug":"habitantes-de-oasis-obstruyen-el-kilometro-13-5-para-pedir-que-cfe-les-restablezca-el-servicio","status":"publish","type":"post","link":"https:\/\/nvnoticias.mx\/index.php\/2022\/07\/26\/habitantes-de-oasis-obstruyen-el-kilometro-13-5-para-pedir-que-cfe-les-restablezca-el-servicio\/","title":{"rendered":"Habitantes de Oasis obstruyen el kil\u00f3metro 13.5 para pedir que CFE les restablezca el servicio"},"content":{"rendered":"\n<p><strong>Jes\u00fas Utrilla \/ NV Noticias<\/strong><\/p>\n\n\n\n<p>Vecinos del Fraccionamiento Oasis bloquearon el kil\u00f3metro 13.5 de la ciudad de Veracruz para exigir a la Comisi\u00f3n Federal de Electricidad que les restablezca el suministro de energ\u00eda el\u00e9ctrica, pues tiene seis d\u00edas sin funcionar la bomba de agua.<\/p>\n\n\n\n<p>Acusaron que durante estos d\u00edas tuvieron que pagar mil 300 pesos por pipa para contar con el vital elemento.<\/p>\n\n\n\n<p>Adem\u00e1s cumplieron con el pago de poco m\u00e1s de 300 mil pesos por la deuda que se ten\u00eda en el fraccionamiento.<\/p>\n\n\n\n<p>Cabe mencionar que cerca de las 3:00 de la tarde CFE se comunic\u00f3 con ellos y prometi\u00f3 reconectar energ\u00eda el\u00e9ctrica.<\/p>\n\n\n\n<p>Por tal motivo reabrieron la circulaci\u00f3n ya que hab\u00eda tr\u00e1ilers y veh\u00edculos particulares que no pudieron pasar durante varios minutos.<\/p>\n\n\n\n<p>Los habitantes advirtieron que si persiste el problema bloquear\u00e1n de nueva cuenta la vialidad que comunica la carretera federal Xalapa-Veracruz con el recinto portuario.<\/p>\n\n\n\n<p>Recordaron que no pueden estar sin agua y es indispensable que le reconecten a la brevedad el servicio.<\/p>\n","protected":false},"excerpt":{"rendered":"<p>Jes\u00fas Utrilla \/ NV Noticias Vecinos del Fraccionamiento Oasis bloquearon el kil\u00f3metro 13.5 de la ciudad de Veracruz para exigir a la Comisi\u00f3n Federal de Electricidad que les restablezca el suministro de energ\u00eda el\u00e9ctrica, pues tiene seis d\u00edas sin funcionar la bomba de agua. Acusaron que durante estos d\u00edas tuvieron que pagar mil 300 pesos [&hellip;]<\/p>\n","protected":false},"author":8,"featured_media":66878,"comment_status":"open","ping_status":"open","sticky":false,"template":"","format":"standard","meta":{"_monsterinsights_skip_tracking":false,"_monsterinsights_sitenote_active":false,"_monsterinsights_sitenote_note":"","_monsterinsights_sitenote_category":0,"footnotes":""},"categories":[154],"tags":[1905,821,17654,17653],"class_list":["post-66876","post","type-post","status-publish","format-standard","has-post-thumbnail","hentry","category-veracruz","tag-bloqueo","tag-cfe","tag-kilometro-13-5","tag-oasis","wp-image-borders"],"amp_enabled":true,"_links":{"self":[{"href":"https:\/\/nvnoticias.mx\/index.php\/wp-json\/wp\/v2\/posts\/66876","targetHints":{"allow":["GET"]}}],"collection":[{"href":"https:\/\/nvnoticias.mx\/index.php\/wp-json\/wp\/v2\/posts"}],"about":[{"href":"https:\/\/nvnoticias.mx\/index.php\/wp-json\/wp\/v2\/types\/post"}],"author":[{"embeddable":true,"href":"https:\/\/nvnoticias.mx\/index.php\/wp-json\/wp\/v2\/users\/8"}],"replies":[{"embeddable":true,"href":"https:\/\/nvnoticias.mx\/index.php\/wp-json\/wp\/v2\/comments?post=66876"}],"version-history":[{"count":1,"href":"https:\/\/nvnoticias.mx\/index.php\/wp-json\/wp\/v2\/posts\/66876\/revisions"}],"predecessor-version":[{"id":66879,"href":"https:\/\/nvnoticias.mx\/index.php\/wp-json\/wp\/v2\/posts\/66876\/revisions\/66879"}],"wp:featuredmedia":[{"embeddable":true,"href":"https:\/\/nvnoticias.mx\/index.php\/wp-json\/wp\/v2\/media\/66878"}],"wp:attachment":[{"href":"https:\/\/nvnoticias.mx\/index.php\/wp-json\/wp\/v2\/media?parent=66876"}],"wp:term":[{"taxonomy":"category","embeddable":true,"href":"https:\/\/nvnoticias.mx\/index.php\/wp-json\/wp\/v2\/categories?post=66876"},{"taxonomy":"post_tag","embeddable":true,"href":"https:\/\/nvnoticias.mx\/index.php\/wp-json\/wp\/v2\/tags?post=66876"}],"curies":[{"name":"wp","href":"https:\/\/api.w.org\/{rel}","templated":true}]}}